{"id":7012,"date":"2020-07-17T09:00:17","date_gmt":"2020-07-17T11:00:17","guid":{"rendered":"https:\/\/www.abip.org.br\/site\/?p=7012"},"modified":"2020-07-17T09:51:54","modified_gmt":"2020-07-17T11:51:54","slug":"10-receitas-de-caldo-para-voce-fazer-neste-inverno","status":"publish","type":"post","link":"https:\/\/www.abip.org.br\/site\/10-receitas-de-caldo-para-voce-fazer-neste-inverno\/","title":{"rendered":"10 receitas de caldo para voc\u00ea fazer neste inverno"},"content":{"rendered":"<p>N\u00e3o \u00e9 \u00e0 toa que, quando o ingrediente \u00e9 bom, logo ouvimos: \u201cD\u00e1 um caldo!\u201d.<\/p>\n<p>\u00c9 s\u00f3 ferver em \u00e1gua quente, temperar e a del\u00edcia est\u00e1 pronta, n\u00e3o s\u00f3 para alimentar, mas tamb\u00e9m para aquecer.<\/p>\n<h2>Receitas de caldo<\/h2>\n<h3><a href=\"http:\/\/anamariabraga.globo.com\/receitas\/caldo-verde\" target=\"_blank\" rel=\"noopener noreferrer\"><b>1. Caldo verde<\/b><\/a><\/h3>\n<p>Um cl\u00e1ssico da culin\u00e1ria brasileira, \u00e0 base de batata, lingui\u00e7a e bacon. Ideal para os dias mais friozinhos.<\/p>\n<figure>\n<div id=\"standard_1\" class=\"st-placement standard_1 inImage\">\n<div class=\"st-adunit st-show st-reset\">\n<div class=\"st-container st-reset\">\n<div class=\"st-adunit-ad st-reset\"><\/div>\n<\/div>\n<\/div>\n<\/div>\n<p><a href=\"http:\/\/anamariabraga.globo.com\/receitas\/caldo-verde\" target=\"_blank\" rel=\"noopener noreferrer\"><img fetchpriority=\"high\" decoding=\"async\" class=\"alignnone\" src=\"https:\/\/site-amb-s3.clubedaana.com.br\/prod\/imagens\/receita\/15766\/caldo-verde-14504.jpg\" alt=\"Caldo verde\" width=\"662\" height=\"497\" \/><\/a><\/figure>\n<h3><a href=\"http:\/\/anamariabraga.globo.com\/receitas\/caldo-de-batata-e-alhoporo\" target=\"_blank\" rel=\"noopener noreferrer\"><b>2. Caldo de batata e alho-por\u00f3<\/b><\/a><\/h3>\n<p>Solu\u00e7\u00e3o para aquele jantar rapidinho.<\/p>\n<figure>\n<div id=\"aggressive_1\" class=\"st-placement aggressive_1 inImage\">\n<div class=\"st-adunit st-show st-reset\">\n<div class=\"st-container st-reset\">\n<div class=\"st-adunit-ad st-reset\"><\/div>\n<\/div>\n<\/div>\n<\/div>\n<p><a href=\"http:\/\/anamariabraga.globo.com\/receitas\/caldo-de-batata-e-alhoporo\" target=\"_blank\" rel=\"noopener noreferrer\"><img decoding=\"async\" class=\"alignnone\" src=\"https:\/\/site-amb-s3.clubedaana.com.br\/prod\/imagens\/receita\/14170\/caldo-de-batata-e-alhoporo-11984.jpg\" alt=\"Caldo de batata e alho-por\u00f3\" width=\"880\" height=\"660\" \/><\/a><\/figure>\n<h3><a href=\"http:\/\/anamariabraga.globo.com\/receitas\/caldo-de-couveflor\" target=\"_blank\" rel=\"noopener noreferrer\"><b>3. Caldo de couve-flor<\/b><\/a><\/h3>\n<p>Procurando algo mais light? Caldo de couve-flor. Delicioso e levinho!<\/p>\n<figure>\n<div id=\"standard_2\" class=\"st-placement standard_2 inImage\">\n<div class=\"st-adunit st-show st-reset\">\n<div class=\"st-container st-reset\">\n<div class=\"st-adunit-ad st-reset\"><\/div>\n<\/div>\n<\/div>\n<\/div>\n<p><a href=\"http:\/\/anamariabraga.globo.com\/receitas\/caldo-de-couveflor\" target=\"_blank\" rel=\"noopener noreferrer\"><img decoding=\"async\" class=\"alignnone\" src=\"https:\/\/site-amb-s3.clubedaana.com.br\/prod\/imagens\/receita\/13724\/-11311.jpg\" alt=\"Caldo de couve-flor\" width=\"660\" height=\"330\" \/><\/a><\/figure>\n<h3><a href=\"http:\/\/anamariabraga.globo.com\/receitas\/caldo-de-mocoto-da-nelida-pinon\" target=\"_blank\" rel=\"noopener noreferrer\"><b>4. Caldo de mocot\u00f3<\/b><\/a><\/h3>\n<p>\u00c9 muita prote\u00edna, minha gente!<\/p>\n<figure>\n<div id=\"aggressive_2\" class=\"st-placement aggressive_2 inImage\">\n<div class=\"st-adunit st-show st-reset\">\n<div class=\"st-container st-reset\">\n<div class=\"st-adunit-ad st-reset\"><\/div>\n<\/div>\n<\/div>\n<\/div>\n<p><a href=\"http:\/\/anamariabraga.globo.com\/receitas\/caldo-de-mocoto-da-nelida-pinon\" target=\"_blank\" rel=\"noopener noreferrer\"><img loading=\"lazy\" decoding=\"async\" class=\"alignnone\" src=\"https:\/\/site-amb-s3.clubedaana.com.br\/prod\/imagens\/receita\/561\/-561.jpg\" alt=\"Caldo de mocot\u00f3\" width=\"660\" height=\"330\" \/><\/a><\/figure>\n<h3><a href=\"http:\/\/anamariabraga.globo.com\/receitas\/caldo-junino\" target=\"_blank\" rel=\"noopener noreferrer\"><b>5. Caldo junino<\/b><\/a><\/h3>\n<p>Com costela e bacon.<\/p>\n<figure>\n<div id=\"standard_3\" class=\"st-placement standard_3 inImage\">\n<div class=\"st-adunit st-show st-reset\">\n<div class=\"st-container st-reset\">\n<div class=\"st-adunit-ad st-reset\"><\/div>\n<\/div>\n<\/div>\n<\/div>\n<p><a href=\"http:\/\/anamariabraga.globo.com\/receitas\/caldo-junino\" target=\"_blank\" rel=\"noopener noreferrer\"><img loading=\"lazy\" decoding=\"async\" class=\"alignnone\" src=\"https:\/\/site-amb-s3.clubedaana.com.br\/prod\/imagens\/receita\/206\/-206.jpg\" alt=\"Caldo junino\" width=\"660\" height=\"330\" \/><\/a><\/figure>\n<h3><a href=\"http:\/\/anamariabraga.globo.com\/receitas\/caldo-de-frango-e-calabresa-da-sogra\" target=\"_blank\" rel=\"noopener noreferrer\"><b>6. Caldo de frango e calabresa da sogra<\/b><\/a><\/h3>\n<p>Calabresa e mandioca. Que combina\u00e7\u00e3o! Sirva com lim\u00e3o!<\/p>\n<figure>\n<div id=\"aggressive_3\" class=\"st-placement aggressive_3 inImage\">\n<div class=\"st-adunit st-show st-reset\">\n<div class=\"st-container st-reset\">\n<div class=\"st-adunit-ad st-reset\"><\/div>\n<\/div>\n<\/div>\n<\/div>\n<p><a href=\"http:\/\/anamariabraga.globo.com\/receitas\/caldo-de-frango-e-calabresa-da-sogra\" target=\"_blank\" rel=\"noopener noreferrer\"><img loading=\"lazy\" decoding=\"async\" class=\"alignnone\" src=\"https:\/\/site-amb-s3.clubedaana.com.br\/prod\/imagens\/receita\/2128\/-2110.jpg\" alt=\"Caldo de frango e calabresa da sogra\" width=\"660\" height=\"330\" \/><\/a><\/figure>\n<h3><a href=\"http:\/\/anamariabraga.globo.com\/receitas\/caldo-de-abobora\" target=\"_blank\" rel=\"noopener noreferrer\"><b>7. Caldo de ab\u00f3bora<\/b><\/a><\/h3>\n<p>Outra op\u00e7\u00e3o deliciosa e leve!<\/p>\n<figure>\n<div id=\"standard_4\" class=\"st-placement standard_4 inImage\">\n<div class=\"st-adunit st-show st-reset\">\n<div class=\"st-container st-reset\">\n<div class=\"st-adunit-ad st-reset\"><\/div>\n<\/div>\n<\/div>\n<\/div>\n<p><a href=\"http:\/\/anamariabraga.globo.com\/receitas\/caldo-de-abobora\" target=\"_blank\" rel=\"noopener noreferrer\"><img loading=\"lazy\" decoding=\"async\" class=\"alignnone\" src=\"https:\/\/site-amb-s3.clubedaana.com.br\/prod\/imagens\/receita\/13738\/-11325.jpg\" alt=\"Caldo de ab\u00f3bora\" width=\"660\" height=\"330\" \/><\/a><\/figure>\n<h3><a href=\"http:\/\/anamariabraga.globo.com\/receitas\/caldo-de-carne-do-jogador-daniel-alves-juazeiro-ba\" target=\"_blank\" rel=\"noopener noreferrer\"><b>8. Caldo de carne<\/b><\/a><\/h3>\n<p>Receita do jogador Daniel Alves, de Juazeiro (BA).<\/p>\n<figure>\n<div id=\"aggressive_4\" class=\"st-placement aggressive_4 inImage\">\n<div class=\"st-adunit st-show st-reset\">\n<div class=\"st-container st-reset\">\n<div class=\"st-adunit-ad st-reset\"><\/div>\n<\/div>\n<\/div>\n<\/div>\n<p><a href=\"http:\/\/anamariabraga.globo.com\/receitas\/caldo-de-carne-do-jogador-daniel-alves-juazeiro-ba\" target=\"_blank\" rel=\"noopener noreferrer\"><img loading=\"lazy\" decoding=\"async\" class=\"alignnone\" src=\"https:\/\/site-amb-s3.clubedaana.com.br\/prod\/imagens\/receita\/2344\/-2323.jpg\" alt=\"Caldo de carne\" width=\"660\" height=\"330\" \/><\/a><\/figure>\n<h3><a href=\"http:\/\/anamariabraga.globo.com\/receitas\/caldo-de-tomate\" target=\"_blank\" rel=\"noopener noreferrer\"><b>9. Caldo de tomate<\/b><\/a><\/h3>\n<p>Poucos ingredientes e f\u00e1cil de fazer.<\/p>\n<figure>\n<div id=\"standard_5\" class=\"st-placement standard_5 inImage\">\n<div class=\"st-adunit st-show st-reset\">\n<div class=\"st-container st-reset\">\n<div class=\"st-adunit-ad st-reset\"><\/div>\n<\/div>\n<\/div>\n<\/div>\n<p><a href=\"http:\/\/anamariabraga.globo.com\/receitas\/caldo-de-tomate\" target=\"_blank\" rel=\"noopener noreferrer\"><img loading=\"lazy\" decoding=\"async\" class=\"alignnone\" src=\"https:\/\/site-amb-s3.clubedaana.com.br\/prod\/imagens\/receita\/13734\/-11321.jpg\" alt=\"Caldo de tomate\" width=\"660\" height=\"330\" \/><\/a><\/figure>\n<h3><a href=\"http:\/\/anamariabraga.globo.com\/receitas\/caldinho-de-feijao\" target=\"_blank\" rel=\"noopener noreferrer\"><b>10. Caldinho de feij\u00e3o<\/b><\/a><\/h3>\n<p>Cl\u00e1ssico brasileiro que \u00e9 puro amor.<\/p>\n<p>&nbsp;<\/p>\n<p>Fonte: <a href=\"https:\/\/anamariabraga.globo.com\/materia\/caldo-receita-inverno\/\">Ana Maria Braga<\/a><\/p>\n","protected":false},"excerpt":{"rendered":"<p>N\u00e3o \u00e9 \u00e0 toa que, quando o ingrediente \u00e9 bom, logo ouvimos: \u201cD\u00e1 um caldo!\u201d. \u00c9 s\u00f3 ferver em \u00e1gua quente, temperar e a del\u00edcia est\u00e1 pronta, n\u00e3o s\u00f3 para alimentar, mas tamb\u00e9m para aquecer. Receitas de caldo 1. Caldo verde Um cl\u00e1ssico da culin\u00e1ria brasileira, \u00e0 base de batata, lingui\u00e7a e bacon. Ideal para [&hellip;]<\/p>\n","protected":false},"author":101029,"featured_media":7013,"comment_status":"open","ping_status":"open","sticky":false,"template":"","format":"standard","meta":{"footnotes":""},"categories":[15],"tags":[],"class_list":["post-7012","post","type-post","status-publish","format-standard","has-post-thumbnail","hentry","category-receitas"],"views":7381,"_links":{"self":[{"href":"https:\/\/www.abip.org.br\/site\/wp-json\/wp\/v2\/posts\/7012","targetHints":{"allow":["GET"]}}],"collection":[{"href":"https:\/\/www.abip.org.br\/site\/wp-json\/wp\/v2\/posts"}],"about":[{"href":"https:\/\/www.abip.org.br\/site\/wp-json\/wp\/v2\/types\/post"}],"author":[{"embeddable":true,"href":"https:\/\/www.abip.org.br\/site\/wp-json\/wp\/v2\/users\/101029"}],"replies":[{"embeddable":true,"href":"https:\/\/www.abip.org.br\/site\/wp-json\/wp\/v2\/comments?post=7012"}],"version-history":[{"count":3,"href":"https:\/\/www.abip.org.br\/site\/wp-json\/wp\/v2\/posts\/7012\/revisions"}],"predecessor-version":[{"id":7015,"href":"https:\/\/www.abip.org.br\/site\/wp-json\/wp\/v2\/posts\/7012\/revisions\/7015"}],"wp:featuredmedia":[{"embeddable":true,"href":"https:\/\/www.abip.org.br\/site\/wp-json\/wp\/v2\/media\/7013"}],"wp:attachment":[{"href":"https:\/\/www.abip.org.br\/site\/wp-json\/wp\/v2\/media?parent=7012"}],"wp:term":[{"taxonomy":"category","embeddable":true,"href":"https:\/\/www.abip.org.br\/site\/wp-json\/wp\/v2\/categories?post=7012"},{"taxonomy":"post_tag","embeddable":true,"href":"https:\/\/www.abip.org.br\/site\/wp-json\/wp\/v2\/tags?post=7012"}],"curies":[{"name":"wp","href":"https:\/\/api.w.org\/{rel}","templated":true}]}}