{"id":6216,"date":"2019-10-10T14:31:42","date_gmt":"2019-10-10T16:31:42","guid":{"rendered":"http:\/\/www.abip.org.br\/site\/?p=6216"},"modified":"2019-10-10T14:31:42","modified_gmt":"2019-10-10T16:31:42","slug":"tem-pao-frances-quentinho-na-padaria-confira-o-video-oficial","status":"publish","type":"post","link":"https:\/\/www.abip.org.br\/site\/tem-pao-frances-quentinho-na-padaria-confira-o-video-oficial\/","title":{"rendered":"Tem p\u00e3o franc\u00eas quentinho na padaria: confira o v\u00eddeo oficial!"},"content":{"rendered":"<p>Tem p\u00e3o franc\u00eas quentinho na padaria<br \/>\nTem p\u00e3o franc\u00eas novinho todo dia<br \/>\nSaud\u00e1vel, gostoso, e que cheirinho\u2026<br \/>\nVem pra c\u00e1, que \u00e9 hora de p\u00e3ozinho!<br \/>\nTem p\u00e3o franc\u00eas quentinho na padaria<\/p>\n<p>Cada um tem um jeito de comer p\u00e3o franc\u00eas.<br \/>\nCorra pra padaria mais pr\u00f3xima e saboreie o seu.<br \/>\nABIP<br \/>\nTudo de p\u00e3o pra voc\u00ea<\/p>\n<p>&nbsp;<\/p>\n<p><iframe title=\"Campanha Meu P\u00e3o Franc\u00eas\" width=\"800\" height=\"450\" src=\"https:\/\/www.youtube.com\/embed\/8wHUfzleGws?feature=oembed\" frameborder=\"0\" allow=\"accelerometer; autoplay; clipboard-write; encrypted-media; gyroscope; picture-in-picture; web-share\" referrerpolicy=\"strict-origin-when-cross-origin\" allowfullscreen><\/iframe><\/p>\n<p><strong>IMPORTANTE: \u00e9 vetada a reprodu\u00e7\u00e3o desse v\u00eddeo para fins fora da campanha ou por a\u00e7\u00f5es que a ela n\u00e3o estejam ligadas. Esse conte\u00fado \u00e9 de propriedade da ABIP e n\u00e3o pode ser veiculado, sem autoriza\u00e7\u00e3o, em nenhum m\u00eddia de tev\u00ea ou canal. Caso tenha alguma d\u00favida, entre em contato.\u00a0<\/strong><\/p>\n","protected":false},"excerpt":{"rendered":"<p>Tem p\u00e3o franc\u00eas quentinho na padaria Tem p\u00e3o franc\u00eas novinho todo dia Saud\u00e1vel, gostoso, e que cheirinho\u2026 Vem pra c\u00e1, que \u00e9 hora de p\u00e3ozinho! Tem p\u00e3o franc\u00eas quentinho na padaria Cada um tem um jeito de comer p\u00e3o franc\u00eas. Corra pra padaria mais pr\u00f3xima e saboreie o seu. ABIP Tudo de p\u00e3o pra voc\u00ea [&hellip;]<\/p>\n","protected":false},"author":101035,"featured_media":6217,"comment_status":"open","ping_status":"open","sticky":false,"template":"","format":"standard","meta":{"footnotes":""},"categories":[40],"tags":[],"class_list":["post-6216","post","type-post","status-publish","format-standard","has-post-thumbnail","hentry","category-meu-pao-frances"],"views":1747,"_links":{"self":[{"href":"https:\/\/www.abip.org.br\/site\/wp-json\/wp\/v2\/posts\/6216","targetHints":{"allow":["GET"]}}],"collection":[{"href":"https:\/\/www.abip.org.br\/site\/wp-json\/wp\/v2\/posts"}],"about":[{"href":"https:\/\/www.abip.org.br\/site\/wp-json\/wp\/v2\/types\/post"}],"author":[{"embeddable":true,"href":"https:\/\/www.abip.org.br\/site\/wp-json\/wp\/v2\/users\/101035"}],"replies":[{"embeddable":true,"href":"https:\/\/www.abip.org.br\/site\/wp-json\/wp\/v2\/comments?post=6216"}],"version-history":[{"count":1,"href":"https:\/\/www.abip.org.br\/site\/wp-json\/wp\/v2\/posts\/6216\/revisions"}],"predecessor-version":[{"id":6218,"href":"https:\/\/www.abip.org.br\/site\/wp-json\/wp\/v2\/posts\/6216\/revisions\/6218"}],"wp:featuredmedia":[{"embeddable":true,"href":"https:\/\/www.abip.org.br\/site\/wp-json\/wp\/v2\/media\/6217"}],"wp:attachment":[{"href":"https:\/\/www.abip.org.br\/site\/wp-json\/wp\/v2\/media?parent=6216"}],"wp:term":[{"taxonomy":"category","embeddable":true,"href":"https:\/\/www.abip.org.br\/site\/wp-json\/wp\/v2\/categories?post=6216"},{"taxonomy":"post_tag","embeddable":true,"href":"https:\/\/www.abip.org.br\/site\/wp-json\/wp\/v2\/tags?post=6216"}],"curies":[{"name":"wp","href":"https:\/\/api.w.org\/{rel}","templated":true}]}}