{"id":5512,"date":"2019-06-02T00:01:08","date_gmt":"2019-06-02T02:01:08","guid":{"rendered":"http:\/\/www.abip.org.br\/site\/?p=5512"},"modified":"2020-01-20T12:05:32","modified_gmt":"2020-01-20T14:05:32","slug":"33-receitas-para-uma-festa-junina-deliciosa","status":"publish","type":"post","link":"https:\/\/www.abip.org.br\/site\/33-receitas-para-uma-festa-junina-deliciosa\/","title":{"rendered":"33 receitas para uma festa junina deliciosa"},"content":{"rendered":"<header class=\"article-header\">\n<h2 class=\"article-subtitle\">Separamos as melhores receitas para voc\u00ea deixar o seu arrai\u00e1 ainda mais completo!<\/h2>\n<\/header>\n<section class=\"article-content\">\n<div class=\"featured-image\">\n<div class=\"image\"><img decoding=\"async\" class=\"abril-image optimized lazyloaded\" title=\"iStock\/Thinkstock\/Getty Images\" src=\"https:\/\/abrilclaudia.files.wordpress.com\/2016\/10\/destaque-festa-junina.jpg\" sizes=\"(min-width: 991px) 680px, (max-width: 420px) 420px, (max-width: 360px) 360px, \" srcset=\"https:\/\/abrilclaudia.files.wordpress.com\/2016\/10\/destaque-festa-junina.jpg?quality=85&amp;strip=info&amp;resize=680,453 680w, https:\/\/abrilclaudia.files.wordpress.com\/2016\/10\/destaque-festa-junina.jpg?quality=70&amp;strip=all&amp;resize=420,280 420w, https:\/\/abrilclaudia.files.wordpress.com\/2016\/10\/destaque-festa-junina.jpg?quality=70&amp;strip=all&amp;resize=360,240 360w, \" alt=\"iStock\/Thinkstock\/Getty Images\" \/><\/p>\n<div class=\"seedtag-gohan seedtag-adunit st-in-image\">\n<div class=\"st-container\"><\/div>\n<\/div>\n<\/div>\n<p class=\"caption\">iStock\/Thinkstock\/Getty Images\u00a0(\/)<\/p>\n<\/div>\n<p>Com a chegada de junho, os pratos t\u00edpicos de festa caipira s\u00e3o requisito obrigat\u00f3rio. Se voc\u00ea \u00e9 das que acreditam que esta \u00e9 a melhor \u00e9poca do ano em mat\u00e9ria de comilan\u00e7a, vai gostar da nossa sele\u00e7\u00e3o de receitas para festa junina:<\/p>\n<div class=\"teads-inread sm-screen\">\n<div><\/div>\n<\/div>\n<h3>1. Vinho quente<\/h3>\n<p>Para aquecer, nada melhor do que um bom vinho tinto com cravo e canela. Confira a\u00a0<a href=\"http:\/\/mdemulher.abril.com.br\/receitas\/vinho-quente-2\/\">receita completa.<\/a><\/p>\n<div class=\"content-image aligncenter wp-caption\">\n<div class=\"image\"><a href=\"https:\/\/abrilclaudia.files.wordpress.com\/2015\/06\/receita-vinho-quente-2.jpg?quality=85&amp;strip=info&amp;strip=info\"><img fetchpriority=\"high\" decoding=\"async\" class=\"aligncenter size-full wp-image-175499\" src=\"https:\/\/abrilclaudia.files.wordpress.com\/2015\/06\/receita-vinho-quente-2.jpg?quality=85&amp;strip=info&amp;w=620&amp;h=372\" sizes=\"(max-width: 620px) 100vw, 620px\" srcset=\"https:\/\/abrilclaudia.files.wordpress.com\/2015\/06\/receita-vinho-quente-2.jpg?quality=85&amp;strip=info 620w, https:\/\/abrilclaudia.files.wordpress.com\/2015\/06\/receita-vinho-quente-2.jpg?quality=85&amp;strip=info&amp;w=150&amp;h=90 150w, https:\/\/abrilclaudia.files.wordpress.com\/2015\/06\/receita-vinho-quente-2.jpg?quality=85&amp;strip=info&amp;w=300&amp;h=180 300w\" alt=\"\" width=\"620\" height=\"372\" border=\"0\" data-image-title=\"receita-vinho-quente-2\" data-restrict=\"false\" data-portal-copyright=\"Ormuzd Alves\" data-image-caption=\"\" \/><\/a><\/p>\n<div class=\"seedtag-gohan seedtag-adunit st-in-image\">\n<div class=\"st-container\"><\/div>\n<\/div>\n<p>\u2013<\/p><\/div>\n<p class=\"caption\">\u00a0(Ormuzd Alves\/CLAUDIA)<\/p>\n<\/div>\n<h3>2. Quent\u00e3o<\/h3>\n<p>Outra op\u00e7\u00e3o quentinha e tradicional \u00e9 o quent\u00e3o, que leva cacha\u00e7a. Veja o\u00a0<a href=\"http:\/\/mdemulher.abril.com.br\/receitas\/quentao\/\">passo a passo.<\/a><\/p>\n<div class=\"content-image aligncenter wp-caption\">\n<div class=\"image\"><a href=\"https:\/\/abrilclaudia.files.wordpress.com\/2015\/06\/receita-quentao-eduardo-delfim.jpg?quality=85&amp;strip=info&amp;strip=info\"><img decoding=\"async\" class=\"aligncenter size-full wp-image-175504\" src=\"https:\/\/abrilclaudia.files.wordpress.com\/2015\/06\/receita-quentao-eduardo-delfim.jpg?quality=85&amp;strip=info&amp;w=620&amp;h=372\" sizes=\"(max-width: 620px) 100vw, 620px\" srcset=\"https:\/\/abrilclaudia.files.wordpress.com\/2015\/06\/receita-quentao-eduardo-delfim.jpg?quality=85&amp;strip=info 620w, https:\/\/abrilclaudia.files.wordpress.com\/2015\/06\/receita-quentao-eduardo-delfim.jpg?quality=85&amp;strip=info&amp;w=150&amp;h=90 150w, https:\/\/abrilclaudia.files.wordpress.com\/2015\/06\/receita-quentao-eduardo-delfim.jpg?quality=85&amp;strip=info&amp;w=300&amp;h=180 300w\" alt=\"\" width=\"620\" height=\"372\" border=\"0\" data-image-title=\"receita-quentao-eduardo-delfim\" data-restrict=\"false\" data-portal-copyright=\"Eduardo Delfim\" data-image-caption=\"\" \/><\/a>\u2013<\/div>\n<p class=\"caption\">\u00a0(Eduardo Delfim\/CLAUDIA)<\/p>\n<\/div>\n<h3>3. Milho na brasa com manteiga temperada<\/h3>\n<p>Al\u00e9m da manteiga,\u00a0<a href=\"http:\/\/mdemulher.abril.com.br\/receitas\/milho-na-brasa-com-manteiga-temperada\/\">essa op\u00e7\u00e3o<\/a>\u00a0leva castanha e cebolinha como toque a mais.<\/p>\n<div class=\"ad-content\">\n<div id=\"abrAD_dyn_rectangle1\" class=\"appear\" data-appear-top-offset=\"300\" data-google-query-id=\"CICXs8GhmeICFUVkwQodi2UAvA\">\n<div id=\"google_ads_iframe_\/9287\/claudia\/gastronomia_6__container__\"><\/div>\n<\/div>\n<\/div>\n<div class=\"content-image aligncenter wp-caption\">\n<div class=\"image\"><a href=\"https:\/\/abrilclaudia.files.wordpress.com\/2015\/06\/milho.jpg?quality=85&amp;strip=info&amp;strip=info\"><img decoding=\"async\" class=\"aligncenter size-full wp-image-175505\" src=\"https:\/\/abrilclaudia.files.wordpress.com\/2015\/06\/milho.jpg?quality=85&amp;strip=info&amp;w=654&amp;h=436\" sizes=\"(max-width: 654px) 100vw, 654px\" srcset=\"https:\/\/abrilclaudia.files.wordpress.com\/2015\/06\/milho.jpg?quality=85&amp;strip=info 654w, https:\/\/abrilclaudia.files.wordpress.com\/2015\/06\/milho.jpg?quality=85&amp;strip=info&amp;w=150&amp;h=100 150w, https:\/\/abrilclaudia.files.wordpress.com\/2015\/06\/milho.jpg?quality=85&amp;strip=info&amp;w=300&amp;h=200 300w\" alt=\"\" width=\"654\" height=\"436\" border=\"0\" data-image-title=\"milho\" data-restrict=\"false\" data-portal-copyright=\"Bruno Geraldi\" data-image-caption=\"\" \/><\/a>\u2013<\/div>\n<p class=\"caption\">\u00a0(Bruno Geraldi\/CLAUDIA)<\/p>\n<\/div>\n<h3>4. Mandiocada<\/h3>\n<p><a href=\"http:\/\/mdemulher.abril.com.br\/receitas\/mandiocada\/\">Este doce de mandioca<\/a>, que mistura leite de coco e queijo minas, foge do \u00f3bvio para compor uma mesa de festa junina de sucesso.<\/p>\n<div class=\"content-image aligncenter wp-caption\">\n<div class=\"image\"><a href=\"https:\/\/abrilclaudia.files.wordpress.com\/2015\/06\/mandiocada.jpg?quality=85&amp;strip=info&amp;strip=info\"><img loading=\"lazy\" decoding=\"async\" class=\"aligncenter size-full wp-image-175507\" src=\"https:\/\/abrilclaudia.files.wordpress.com\/2015\/06\/mandiocada.jpg?quality=85&amp;strip=info&amp;w=654&amp;h=436\" sizes=\"(max-width: 654px) 100vw, 654px\" srcset=\"https:\/\/abrilclaudia.files.wordpress.com\/2015\/06\/mandiocada.jpg?quality=85&amp;strip=info 654w, https:\/\/abrilclaudia.files.wordpress.com\/2015\/06\/mandiocada.jpg?quality=85&amp;strip=info&amp;w=150&amp;h=100 150w, https:\/\/abrilclaudia.files.wordpress.com\/2015\/06\/mandiocada.jpg?quality=85&amp;strip=info&amp;w=300&amp;h=200 300w\" alt=\"\" width=\"654\" height=\"436\" border=\"0\" data-image-title=\"mandiocada\" data-restrict=\"false\" data-portal-copyright=\"Roberto Seba\" data-image-caption=\"\" \/><\/a>\u2013<\/div>\n<p class=\"caption\">\u00a0(Roberto Seba\/CLAUDIA)<\/p>\n<\/div>\n<h3>5. Curau de leite de coco com pa\u00e7oca<\/h3>\n<p>O prato tradicional fica ainda mais delicioso com a pa\u00e7oca para finalizar. Confira\u00a0<a href=\"http:\/\/mdemulher.abril.com.br\/receitas\/curau-de-leite-de-coco-com-pacoca\/\">como fazer<\/a>.<\/p>\n<div class=\"content-image aligncenter wp-caption\">\n<div class=\"image\"><a href=\"https:\/\/abrilclaudia.files.wordpress.com\/2015\/06\/curau-com-leite-de-coco-e-pacoca_0.jpg?quality=85&amp;strip=info&amp;strip=info\"><img loading=\"lazy\" decoding=\"async\" class=\"aligncenter size-full wp-image-175508\" src=\"https:\/\/abrilclaudia.files.wordpress.com\/2015\/06\/curau-com-leite-de-coco-e-pacoca_0.jpg?quality=85&amp;strip=info&amp;w=654&amp;h=436\" sizes=\"(max-width: 654px) 100vw, 654px\" srcset=\"https:\/\/abrilclaudia.files.wordpress.com\/2015\/06\/curau-com-leite-de-coco-e-pacoca_0.jpg?quality=85&amp;strip=info 654w, https:\/\/abrilclaudia.files.wordpress.com\/2015\/06\/curau-com-leite-de-coco-e-pacoca_0.jpg?quality=85&amp;strip=info&amp;w=150&amp;h=100 150w, https:\/\/abrilclaudia.files.wordpress.com\/2015\/06\/curau-com-leite-de-coco-e-pacoca_0.jpg?quality=85&amp;strip=info&amp;w=300&amp;h=200 300w\" alt=\"\" width=\"654\" height=\"436\" border=\"0\" data-image-title=\"curau-com-leite-de-coco-e-pacoca_0\" data-restrict=\"false\" data-portal-copyright=\"Roberto Seba\" data-image-caption=\"\" \/><\/a>\u2013<\/div>\n<p class=\"caption\">\u00a0(Roberto Seba\/CLAUDIA)<\/p>\n<\/div>\n<h3>6. Brigadeiro de milho verde<\/h3>\n<p>O ingrediente mais junino de todos vai bem at\u00e9 como brigadeiro. Veja\u00a0<a href=\"http:\/\/mdemulher.abril.com.br\/receitas\/brigadeiro-de-milho-verde-2\/\">como colocar em pr\u00e1tica<\/a>\u00a0essa del\u00edcia.<\/p>\n<div class=\"content-image aligncenter wp-caption\">\n<div class=\"image\"><a href=\"https:\/\/abrilclaudia.files.wordpress.com\/2015\/06\/brigadeiro.jpg?quality=85&amp;strip=info&amp;strip=info\"><img loading=\"lazy\" decoding=\"async\" class=\"aligncenter size-full wp-image-175511\" src=\"https:\/\/abrilclaudia.files.wordpress.com\/2015\/06\/brigadeiro.jpg?quality=85&amp;strip=info&amp;w=654&amp;h=436\" sizes=\"(max-width: 654px) 100vw, 654px\" srcset=\"https:\/\/abrilclaudia.files.wordpress.com\/2015\/06\/brigadeiro.jpg?quality=85&amp;strip=info 654w, https:\/\/abrilclaudia.files.wordpress.com\/2015\/06\/brigadeiro.jpg?quality=85&amp;strip=info&amp;w=150&amp;h=100 150w, https:\/\/abrilclaudia.files.wordpress.com\/2015\/06\/brigadeiro.jpg?quality=85&amp;strip=info&amp;w=300&amp;h=200 300w\" alt=\"\" width=\"654\" height=\"436\" border=\"0\" data-image-title=\"brigadeiro\" data-restrict=\"false\" data-portal-copyright=\"Bruno Geraldi\" data-image-caption=\"\" \/><\/a>\u2013<\/div>\n<p class=\"caption\">\u00a0(Bruno Geraldi\/CLAUDIA)<\/p>\n<\/div>\n<h3>7. Pa\u00e7oca de colher<\/h3>\n<p>Al\u00e9m de amendoim, o docinho leva apenas quatro ingredientes simples. Veja quais e\u00a0<a href=\"http:\/\/mdemulher.abril.com.br\/receitas\/pacoca-de-colher\/\">como fazer<\/a>.<\/p>\n<div class=\"content-image aligncenter wp-caption\">\n<div class=\"image\"><a href=\"https:\/\/abrilclaudia.files.wordpress.com\/2015\/06\/receita-pacoca-de-colher.jpg?quality=85&amp;strip=info&amp;strip=info\"><img loading=\"lazy\" decoding=\"async\" class=\"aligncenter size-full wp-image-175512\" src=\"https:\/\/abrilclaudia.files.wordpress.com\/2015\/06\/receita-pacoca-de-colher.jpg?quality=85&amp;strip=info&amp;w=620&amp;h=372\" sizes=\"(max-width: 620px) 100vw, 620px\" srcset=\"https:\/\/abrilclaudia.files.wordpress.com\/2015\/06\/receita-pacoca-de-colher.jpg?quality=85&amp;strip=info 620w, https:\/\/abrilclaudia.files.wordpress.com\/2015\/06\/receita-pacoca-de-colher.jpg?quality=85&amp;strip=info&amp;w=150&amp;h=90 150w, https:\/\/abrilclaudia.files.wordpress.com\/2015\/06\/receita-pacoca-de-colher.jpg?quality=85&amp;strip=info&amp;w=300&amp;h=180 300w\" alt=\"\" width=\"620\" height=\"372\" border=\"0\" data-image-title=\"receita-pacoca-de-colher\" data-restrict=\"false\" data-portal-copyright=\"Ormuzd Alves\" data-image-caption=\"\" \/><\/a>\u2013<\/div>\n<p class=\"caption\">\u00a0(Ormuzd Alves\/Reprodu\u00e7\u00e3o)<\/p>\n<\/div>\n<h3>8. Pamonha<\/h3>\n<p>Claramente, n\u00e3o pode faltar pamonha, doce caseiro tipicamente caipira. Confira uma\u00a0<a href=\"http:\/\/mdemulher.abril.com.br\/receitas\/pamonha-2\/\">receita super f\u00e1cil\u00a0<\/a>e que rende muito.<\/p>\n<div class=\"content-image aligncenter wp-caption\">\n<div class=\"image\"><a href=\"https:\/\/abrilclaudia.files.wordpress.com\/2015\/06\/receita-pamonha-2.jpg?quality=85&amp;strip=info&amp;strip=info\"><img loading=\"lazy\" decoding=\"async\" class=\"aligncenter size-full wp-image-175513\" src=\"https:\/\/abrilclaudia.files.wordpress.com\/2015\/06\/receita-pamonha-2.jpg?quality=85&amp;strip=info&amp;w=620&amp;h=372\" sizes=\"(max-width: 620px) 100vw, 620px\" srcset=\"https:\/\/abrilclaudia.files.wordpress.com\/2015\/06\/receita-pamonha-2.jpg?quality=85&amp;strip=info 620w, https:\/\/abrilclaudia.files.wordpress.com\/2015\/06\/receita-pamonha-2.jpg?quality=85&amp;strip=info&amp;w=150&amp;h=90 150w, https:\/\/abrilclaudia.files.wordpress.com\/2015\/06\/receita-pamonha-2.jpg?quality=85&amp;strip=info&amp;w=300&amp;h=180 300w\" alt=\"\" width=\"620\" height=\"372\" border=\"0\" data-image-title=\"receita-pamonha-2\" data-restrict=\"false\" data-portal-copyright=\"Eduardo Pozella\" data-image-caption=\"\" \/><\/a>\u2013<\/div>\n<p class=\"caption\">\u00a0(Eduardo Pozella\/CLAUDIA)<\/p>\n<\/div>\n<h3>9. Cuscuz de tapioca com baba-de-mo\u00e7a<\/h3>\n<p>Este cuscuz doce \u00e9 simples e n\u00e3o deixa a desejar a nenhuma del\u00edcia junina.\u00a0<a href=\"http:\/\/mdemulher.abril.com.br\/receitas\/cuscuz-de-tapioca-com-baba-de-moca\/\">Confira detalhes<\/a>.<\/p>\n<div class=\"content-image aligncenter wp-caption\">\n<div class=\"image\"><a href=\"https:\/\/abrilclaudia.files.wordpress.com\/2015\/06\/receita-cuscuz-tapioca-baba-de-moca.jpg?quality=85&amp;strip=info&amp;strip=info\"><img loading=\"lazy\" decoding=\"async\" class=\"aligncenter size-full wp-image-175514\" src=\"https:\/\/abrilclaudia.files.wordpress.com\/2015\/06\/receita-cuscuz-tapioca-baba-de-moca.jpg?quality=85&amp;strip=info&amp;w=620&amp;h=372\" sizes=\"(max-width: 620px) 100vw, 620px\" srcset=\"https:\/\/abrilclaudia.files.wordpress.com\/2015\/06\/receita-cuscuz-tapioca-baba-de-moca.jpg?quality=85&amp;strip=info 620w, https:\/\/abrilclaudia.files.wordpress.com\/2015\/06\/receita-cuscuz-tapioca-baba-de-moca.jpg?quality=85&amp;strip=info&amp;w=150&amp;h=90 150w, https:\/\/abrilclaudia.files.wordpress.com\/2015\/06\/receita-cuscuz-tapioca-baba-de-moca.jpg?quality=85&amp;strip=info&amp;w=300&amp;h=180 300w\" alt=\"\" width=\"620\" height=\"372\" border=\"0\" data-image-title=\"receita-cuscuz-tapioca-baba-de-moca\" data-restrict=\"false\" data-portal-copyright=\"Reprodu\u00e7\u00e3o\" data-image-caption=\"\" \/><\/a>\u2013<\/div>\n<p class=\"caption\">\u00a0(Reprodu\u00e7\u00e3o\/CLAUDIA)<\/p>\n<\/div>\n<h3>10. Canjica del\u00edcia com creme de amendoim<\/h3>\n<p>A dica para uma boa canjica, cremosa e macia, \u00e9 deix\u00e1-la de molho de um dia para o outro.\u00a0<a href=\"http:\/\/mdemulher.abril.com.br\/receitas\/canjica-delicia-com-creme-de-amendoim\/\">Esta<\/a>\u00a0\u00e9 finalizada com amendoim.<\/p>\n<div class=\"content-image aligncenter wp-caption\">\n<div class=\"image\"><a href=\"https:\/\/abrilclaudia.files.wordpress.com\/2015\/06\/receita-canjica-delicia-com-creme-de-amendoim.jpg?quality=85&amp;strip=info&amp;strip=info\"><img loading=\"lazy\" decoding=\"async\" class=\"aligncenter size-full wp-image-175517\" src=\"https:\/\/abrilclaudia.files.wordpress.com\/2015\/06\/receita-canjica-delicia-com-creme-de-amendoim.jpg?quality=85&amp;strip=info&amp;w=620&amp;h=372\" sizes=\"(max-width: 620px) 100vw, 620px\" srcset=\"https:\/\/abrilclaudia.files.wordpress.com\/2015\/06\/receita-canjica-delicia-com-creme-de-amendoim.jpg?quality=85&amp;strip=info 620w, https:\/\/abrilclaudia.files.wordpress.com\/2015\/06\/receita-canjica-delicia-com-creme-de-amendoim.jpg?quality=85&amp;strip=info&amp;w=150&amp;h=90 150w, https:\/\/abrilclaudia.files.wordpress.com\/2015\/06\/receita-canjica-delicia-com-creme-de-amendoim.jpg?quality=85&amp;strip=info&amp;w=300&amp;h=180 300w\" alt=\"\" width=\"620\" height=\"372\" border=\"0\" data-image-title=\"receita-canjica-delicia-com-creme-de-amendoim\" data-restrict=\"false\" data-portal-copyright=\"Ormuzd Alves\" data-image-caption=\"\" \/><\/a>\u2013<\/div>\n<p class=\"caption\">\u00a0(Ormuzd Alves\/CLAUDIA)<\/p>\n<\/div>\n<h3>11. Bolo caipira de mandioca e coco<\/h3>\n<p>A\u00a0<a href=\"http:\/\/mdemulher.abril.com.br\/receitas\/bolo-caipira-de-mandioca-e-coco\/\">receita<\/a>\u00a0testada e aprovada por CLAUDIA combina os dois ingredientes certeiros sem segredo.<\/p>\n<div class=\"content-image aligncenter wp-caption\">\n<div class=\"image\"><a href=\"https:\/\/abrilclaudia.files.wordpress.com\/2015\/06\/receita-bolo-caipira-de-mandioca-e-coco1859.jpg?quality=85&amp;strip=info&amp;strip=info\"><img loading=\"lazy\" decoding=\"async\" class=\"aligncenter size-full wp-image-175522\" src=\"https:\/\/abrilclaudia.files.wordpress.com\/2015\/06\/receita-bolo-caipira-de-mandioca-e-coco1859.jpg?quality=85&amp;strip=info&amp;w=654&amp;h=436\" sizes=\"(max-width: 654px) 100vw, 654px\" srcset=\"https:\/\/abrilclaudia.files.wordpress.com\/2015\/06\/receita-bolo-caipira-de-mandioca-e-coco1859.jpg?quality=85&amp;strip=info 654w, https:\/\/abrilclaudia.files.wordpress.com\/2015\/06\/receita-bolo-caipira-de-mandioca-e-coco1859.jpg?quality=85&amp;strip=info&amp;w=150&amp;h=100 150w, https:\/\/abrilclaudia.files.wordpress.com\/2015\/06\/receita-bolo-caipira-de-mandioca-e-coco1859.jpg?quality=85&amp;strip=info&amp;w=300&amp;h=200 300w\" alt=\"\" width=\"654\" height=\"436\" border=\"0\" data-image-title=\"receita-bolo-caipira-de-mandioca-e-coco1859\" data-restrict=\"false\" data-portal-copyright=\"Mauro Holanda\" data-image-caption=\"\" \/><\/a>\u2013<\/div>\n<p class=\"caption\">\u00a0(Mauro Holanda\/CLAUDIA)<\/p>\n<\/div>\n<h3>12. Rocambole de frango e mandioca<\/h3>\n<p><a href=\"http:\/\/mdemulher.abril.com.br\/receitas\/rocambole-de-frango-e-mandioca\/\">Aqui<\/a>, a mandioca comp\u00f5e a op\u00e7\u00e3o salgada, que leva peito de frango e peito de peru.<\/p>\n<div class=\"content-image aligncenter wp-caption\">\n<div class=\"image\"><a href=\"https:\/\/abrilclaudia.files.wordpress.com\/2015\/06\/receita-rocambole-de-frango-e-mandioca.jpg?quality=85&amp;strip=info&amp;strip=info\"><img loading=\"lazy\" decoding=\"async\" class=\"aligncenter size-full wp-image-175523\" src=\"https:\/\/abrilclaudia.files.wordpress.com\/2015\/06\/receita-rocambole-de-frango-e-mandioca.jpg?quality=85&amp;strip=info&amp;w=620&amp;h=372\" sizes=\"(max-width: 620px) 100vw, 620px\" srcset=\"https:\/\/abrilclaudia.files.wordpress.com\/2015\/06\/receita-rocambole-de-frango-e-mandioca.jpg?quality=85&amp;strip=info 620w, https:\/\/abrilclaudia.files.wordpress.com\/2015\/06\/receita-rocambole-de-frango-e-mandioca.jpg?quality=85&amp;strip=info&amp;w=150&amp;h=90 150w, https:\/\/abrilclaudia.files.wordpress.com\/2015\/06\/receita-rocambole-de-frango-e-mandioca.jpg?quality=85&amp;strip=info&amp;w=300&amp;h=180 300w\" alt=\"\" width=\"620\" height=\"372\" border=\"0\" data-image-title=\"receita-rocambole-de-frango-e-mandioca\" data-restrict=\"false\" data-portal-copyright=\"Reprodu\u00e7\u00e3o\" data-image-caption=\"\" \/><\/a>\u2013<\/div>\n<p class=\"caption\">\u00a0(Reprodu\u00e7\u00e3o\/CLAUDIA)<\/p>\n<\/div>\n<h3>13. Quindim vapt-vupt<\/h3>\n<p>Em apenas cinco passos, voc\u00ea faz este quindim cl\u00e1ssico. D\u00ea uma olhada na\u00a0<a href=\"http:\/\/mdemulher.abril.com.br\/receitas\/quindim-vapt-vupt\/\">receita completa<\/a>.<\/p>\n<div class=\"content-image aligncenter wp-caption\">\n<div class=\"image\"><a href=\"https:\/\/abrilclaudia.files.wordpress.com\/2015\/06\/receita-quindim-vapt-vupt.jpg?quality=85&amp;strip=info&amp;strip=info\"><img loading=\"lazy\" decoding=\"async\" class=\"aligncenter size-full wp-image-175525\" src=\"https:\/\/abrilclaudia.files.wordpress.com\/2015\/06\/receita-quindim-vapt-vupt.jpg?quality=85&amp;strip=info&amp;w=620&amp;h=372\" sizes=\"(max-width: 620px) 100vw, 620px\" srcset=\"https:\/\/abrilclaudia.files.wordpress.com\/2015\/06\/receita-quindim-vapt-vupt.jpg?quality=85&amp;strip=info 620w, https:\/\/abrilclaudia.files.wordpress.com\/2015\/06\/receita-quindim-vapt-vupt.jpg?quality=85&amp;strip=info&amp;w=150&amp;h=90 150w, https:\/\/abrilclaudia.files.wordpress.com\/2015\/06\/receita-quindim-vapt-vupt.jpg?quality=85&amp;strip=info&amp;w=300&amp;h=180 300w\" alt=\"\" width=\"620\" height=\"372\" border=\"0\" data-image-title=\"receita-quindim-vapt-vupt\" data-restrict=\"false\" data-portal-copyright=\"Mauro Holanda\" data-image-caption=\"\" \/><\/a>\u2013<\/div>\n<p class=\"caption\">\u00a0(Mauro Holanda\/CLAUDIA)<\/p>\n<\/div>\n<h3>14. Pudim de mandioca com calda de mela\u00e7o de cana<\/h3>\n<p>O mel de engenho \u00e9 o ingrediente que faz\u00a0<a href=\"http:\/\/mdemulher.abril.com.br\/receitas\/pudim-de-mandioca-com-calda-de-melaco-de-cana\/\">desta receita\u00a0<\/a>mais especial e deliciosa.<\/p>\n<div class=\"content-image aligncenter wp-caption\">\n<div class=\"image\"><a href=\"https:\/\/abrilclaudia.files.wordpress.com\/2015\/06\/receita-pudim-macaxeira.jpg?quality=85&amp;strip=info&amp;strip=info\"><img loading=\"lazy\" decoding=\"async\" class=\"aligncenter size-full wp-image-175526\" src=\"https:\/\/abrilclaudia.files.wordpress.com\/2015\/06\/receita-pudim-macaxeira.jpg?quality=85&amp;strip=info&amp;w=620&amp;h=372\" sizes=\"(max-width: 620px) 100vw, 620px\" srcset=\"https:\/\/abrilclaudia.files.wordpress.com\/2015\/06\/receita-pudim-macaxeira.jpg?quality=85&amp;strip=info 620w, https:\/\/abrilclaudia.files.wordpress.com\/2015\/06\/receita-pudim-macaxeira.jpg?quality=85&amp;strip=info&amp;w=150&amp;h=90 150w, https:\/\/abrilclaudia.files.wordpress.com\/2015\/06\/receita-pudim-macaxeira.jpg?quality=85&amp;strip=info&amp;w=300&amp;h=180 300w\" alt=\"\" width=\"620\" height=\"372\" border=\"0\" data-image-title=\"receita-pudim-macaxeira\" data-restrict=\"false\" data-portal-copyright=\"Reprodu\u00e7\u00e3o\" data-image-caption=\"\" \/><\/a>\u2013<\/div>\n<p class=\"caption\">\u00a0(Reprodu\u00e7\u00e3o\/CLAUDIA)<\/p>\n<\/div>\n<h3>15. Quiche de milho-verde<\/h3>\n<p>O recheio deste prato fica perfeito quando est\u00e1 mole no centro e firme nas laterais. Vale conferir o\u00a0<a href=\"http:\/\/mdemulher.abril.com.br\/receitas\/quiche-de-milho-verde\/\">passo a passo<\/a>.<\/p>\n<div class=\"content-image aligncenter wp-caption\">\n<div class=\"image\"><a href=\"https:\/\/abrilclaudia.files.wordpress.com\/2015\/06\/receita-quiche-milho-verde.jpg?quality=85&amp;strip=info&amp;strip=info\"><img loading=\"lazy\" decoding=\"async\" class=\"aligncenter size-full wp-image-175527\" src=\"https:\/\/abrilclaudia.files.wordpress.com\/2015\/06\/receita-quiche-milho-verde.jpg?quality=85&amp;strip=info&amp;w=620&amp;h=372\" sizes=\"(max-width: 620px) 100vw, 620px\" srcset=\"https:\/\/abrilclaudia.files.wordpress.com\/2015\/06\/receita-quiche-milho-verde.jpg?quality=85&amp;strip=info 620w, https:\/\/abrilclaudia.files.wordpress.com\/2015\/06\/receita-quiche-milho-verde.jpg?quality=85&amp;strip=info&amp;w=150&amp;h=90 150w, https:\/\/abrilclaudia.files.wordpress.com\/2015\/06\/receita-quiche-milho-verde.jpg?quality=85&amp;strip=info&amp;w=300&amp;h=180 300w\" alt=\"\" width=\"620\" height=\"372\" border=\"0\" data-image-title=\"receita-quiche-milho-verde\" data-restrict=\"false\" data-portal-copyright=\"Reprodu\u00e7\u00e3o\" data-image-caption=\"\" \/><\/a>\u2013<\/div>\n<p class=\"caption\">\u00a0(Reprodu\u00e7\u00e3o\/CLAUDIA)<\/p>\n<\/div>\n<h3>16. Torta de carne mo\u00edda<\/h3>\n<p><a href=\"http:\/\/mdemulher.abril.com.br\/receitas\/torta-de-carne-moida-6\/\">Esta<\/a>\u00a0\u00e9 para quem \u00e9 mais avan\u00e7ada em cozinha, mas o resultado final vale o esfor\u00e7o.<\/p>\n<div class=\"content-image aligncenter wp-caption\">\n<div class=\"image\"><a href=\"https:\/\/abrilclaudia.files.wordpress.com\/2015\/06\/torta-carne.jpg?quality=85&amp;strip=info&amp;strip=info\"><img loading=\"lazy\" decoding=\"async\" class=\"aligncenter size-full wp-image-175528\" src=\"https:\/\/abrilclaudia.files.wordpress.com\/2015\/06\/torta-carne.jpg?quality=85&amp;strip=info&amp;w=654&amp;h=436\" sizes=\"(max-width: 654px) 100vw, 654px\" srcset=\"https:\/\/abrilclaudia.files.wordpress.com\/2015\/06\/torta-carne.jpg?quality=85&amp;strip=info 654w, https:\/\/abrilclaudia.files.wordpress.com\/2015\/06\/torta-carne.jpg?quality=85&amp;strip=info&amp;w=150&amp;h=100 150w, https:\/\/abrilclaudia.files.wordpress.com\/2015\/06\/torta-carne.jpg?quality=85&amp;strip=info&amp;w=300&amp;h=200 300w\" alt=\"\" width=\"654\" height=\"436\" border=\"0\" data-image-title=\"torta-carne\" data-restrict=\"false\" data-portal-copyright=\"Reprodu\u00e7\u00e3o\" data-image-caption=\"\" \/><\/a>\u2013<\/div>\n<p class=\"caption\">\u00a0(Reprodu\u00e7\u00e3o\/CLAUDIA)<\/p>\n<\/div>\n<h3>17.\u00a0Bolinho doce de mandioca com caramelo<\/h3>\n<p>O caramelo finaliza este docinho delicioso, que tem a macaxeira como protagonista. Confira mais\u00a0<a href=\"http:\/\/mdemulher.abril.com.br\/receitas\/bolinho-doce-de-mandioca-com-caramelo\/\">esta receita<\/a>\u00a0testada e aprovada.<\/p>\n<div class=\"content-image aligncenter wp-caption\">\n<div class=\"image\"><a href=\"https:\/\/abrilclaudia.files.wordpress.com\/2015\/06\/bolinho-de-mandioca-com-caramelo_0.jpg?quality=85&amp;strip=info&amp;strip=info\"><img loading=\"lazy\" decoding=\"async\" class=\"aligncenter size-full wp-image-175529\" src=\"https:\/\/abrilclaudia.files.wordpress.com\/2015\/06\/bolinho-de-mandioca-com-caramelo_0.jpg?quality=85&amp;strip=info&amp;w=654&amp;h=436\" sizes=\"(max-width: 654px) 100vw, 654px\" srcset=\"https:\/\/abrilclaudia.files.wordpress.com\/2015\/06\/bolinho-de-mandioca-com-caramelo_0.jpg?quality=85&amp;strip=info 654w, https:\/\/abrilclaudia.files.wordpress.com\/2015\/06\/bolinho-de-mandioca-com-caramelo_0.jpg?quality=85&amp;strip=info&amp;w=150&amp;h=100 150w, https:\/\/abrilclaudia.files.wordpress.com\/2015\/06\/bolinho-de-mandioca-com-caramelo_0.jpg?quality=85&amp;strip=info&amp;w=300&amp;h=200 300w\" alt=\"\" width=\"654\" height=\"436\" border=\"0\" data-image-title=\"bolinho-de-mandioca-com-caramelo_0\" data-restrict=\"false\" data-portal-copyright=\"Rog\u00e9rio Voltan\" data-image-caption=\"\" \/><\/a>\u2013<\/div>\n<p class=\"caption\">\u00a0(Rog\u00e9rio Voltan\/CLAUDIA)<\/p>\n<\/div>\n<h3>18. Torta de palmito gl\u00faten-free<\/h3>\n<p>Al\u00e9m de deliciosa, esta receita \u00e9 super leve e leva biomassa de banana verde. D\u00ea uma conferida\u00a0<a href=\"http:\/\/mdemulher.abril.com.br\/receitas\/torta-de-palmito-gluten-free\/\">como fazer<\/a>.<\/p>\n<div class=\"content-image aligncenter wp-caption\">\n<div class=\"image\"><a href=\"https:\/\/abrilclaudia.files.wordpress.com\/2015\/06\/receita-de-torta-de-palmito-sem-gluten.jpg?quality=85&amp;strip=info&amp;strip=info\"><img loading=\"lazy\" decoding=\"async\" class=\"aligncenter size-full wp-image-175532\" src=\"https:\/\/abrilclaudia.files.wordpress.com\/2015\/06\/receita-de-torta-de-palmito-sem-gluten.jpg?quality=85&amp;strip=info&amp;w=620&amp;h=372\" sizes=\"(max-width: 620px) 100vw, 620px\" srcset=\"https:\/\/abrilclaudia.files.wordpress.com\/2015\/06\/receita-de-torta-de-palmito-sem-gluten.jpg?quality=85&amp;strip=info 620w, https:\/\/abrilclaudia.files.wordpress.com\/2015\/06\/receita-de-torta-de-palmito-sem-gluten.jpg?quality=85&amp;strip=info&amp;w=150&amp;h=90 150w, https:\/\/abrilclaudia.files.wordpress.com\/2015\/06\/receita-de-torta-de-palmito-sem-gluten.jpg?quality=85&amp;strip=info&amp;w=300&amp;h=180 300w\" alt=\"\" width=\"620\" height=\"372\" border=\"0\" data-image-title=\"receita-de-torta-de-palmito-sem-gluten\" data-restrict=\"false\" data-portal-copyright=\"Sheila Oliveira\" data-image-caption=\"\" \/><\/a>\u2013<\/div>\n<p class=\"caption\">\u00a0(Sheila Oliveira\/CLAUDIA)<\/p>\n<\/div>\n<h3>19. Torta de am\u00eandoa<\/h3>\n<p>Para uma festa junina charmosa,\u00a0<a href=\"http:\/\/mdemulher.abril.com.br\/receitas\/alfajor-de-colher\/\">esta torta<\/a>\u00a0\u00e9 perfeita. Com certeza, voc\u00ea vai ter os ingredientes em casa para combinar com as am\u00eandoas.<\/p>\n<div class=\"content-image aligncenter wp-caption\">\n<div class=\"image\"><a href=\"https:\/\/abrilclaudia.files.wordpress.com\/2015\/06\/torta-amendoa.jpg?quality=85&amp;strip=info&amp;strip=info\"><img loading=\"lazy\" decoding=\"async\" class=\"aligncenter size-full wp-image-175534\" src=\"https:\/\/abrilclaudia.files.wordpress.com\/2015\/06\/torta-amendoa.jpg?quality=85&amp;strip=info&amp;w=654&amp;h=436\" sizes=\"(max-width: 654px) 100vw, 654px\" srcset=\"https:\/\/abrilclaudia.files.wordpress.com\/2015\/06\/torta-amendoa.jpg?quality=85&amp;strip=info 654w, https:\/\/abrilclaudia.files.wordpress.com\/2015\/06\/torta-amendoa.jpg?quality=85&amp;strip=info&amp;w=150&amp;h=100 150w, https:\/\/abrilclaudia.files.wordpress.com\/2015\/06\/torta-amendoa.jpg?quality=85&amp;strip=info&amp;w=300&amp;h=200 300w\" alt=\"\" width=\"654\" height=\"436\" border=\"0\" data-image-title=\"torta-amendoa\" data-restrict=\"false\" data-portal-copyright=\"Duo Borgatto\" data-image-caption=\"\" \/><\/a>\u2013<\/div>\n<p class=\"caption\">\u00a0(Duo Borgatto\/CLAUDIA)<\/p>\n<\/div>\n<h3>20. Brigadeiro de batata-doce<\/h3>\n<p>CLAUDIA testou e aprovou\u00a0<a href=\"http:\/\/mdemulher.abril.com.br\/receitas\/brigadeiro-de-batata-doce\/\">este\u00a0brigadeiro\u00a0<\/a>com chocolate 70% cacau e batata-doce.<\/p>\n<div class=\"content-image aligncenter wp-caption\">\n<div class=\"image\"><a href=\"https:\/\/abrilclaudia.files.wordpress.com\/2015\/06\/receita-de-brigadeiro-batata-doce.jpg?quality=85&amp;strip=info&amp;strip=info\"><img loading=\"lazy\" decoding=\"async\" class=\"aligncenter size-full wp-image-175535\" src=\"https:\/\/abrilclaudia.files.wordpress.com\/2015\/06\/receita-de-brigadeiro-batata-doce.jpg?quality=85&amp;strip=info&amp;w=620&amp;h=372\" sizes=\"(max-width: 620px) 100vw, 620px\" srcset=\"https:\/\/abrilclaudia.files.wordpress.com\/2015\/06\/receita-de-brigadeiro-batata-doce.jpg?quality=85&amp;strip=info 620w, https:\/\/abrilclaudia.files.wordpress.com\/2015\/06\/receita-de-brigadeiro-batata-doce.jpg?quality=85&amp;strip=info&amp;w=150&amp;h=90 150w, https:\/\/abrilclaudia.files.wordpress.com\/2015\/06\/receita-de-brigadeiro-batata-doce.jpg?quality=85&amp;strip=info&amp;w=300&amp;h=180 300w\" alt=\"\" width=\"620\" height=\"372\" border=\"0\" data-image-title=\"receita-de-brigadeiro-batata-doce\" data-restrict=\"false\" data-portal-copyright=\"Reprodu\u00e7\u00e3o\" data-image-caption=\"\" \/><\/a>\u2013<\/div>\n<p class=\"caption\">\u00a0(Reprodu\u00e7\u00e3o\/CLAUDIA)<\/p>\n<\/div>\n<h3>21. Bolo de cenoura com gotas de chocolate<\/h3>\n<p>O bolo pode ser servido quente ou frio e rende mais de 20 por\u00e7\u00f5es. Confira a\u00a0<a href=\"http:\/\/mdemulher.abril.com.br\/receitas\/bolo-de-cenoura-com-gotas-de-chocolate\/\">receita<\/a>.<\/p>\n<div class=\"content-image aligncenter wp-caption\">\n<div class=\"image\"><a href=\"https:\/\/abrilclaudia.files.wordpress.com\/2015\/06\/receita-bolo-de-cenoura-com-gotas-de-chocolate.jpg?quality=85&amp;strip=info&amp;strip=info\"><img loading=\"lazy\" decoding=\"async\" class=\"aligncenter size-full wp-image-175536\" src=\"https:\/\/abrilclaudia.files.wordpress.com\/2015\/06\/receita-bolo-de-cenoura-com-gotas-de-chocolate.jpg?quality=85&amp;strip=info&amp;w=620&amp;h=372\" sizes=\"(max-width: 620px) 100vw, 620px\" srcset=\"https:\/\/abrilclaudia.files.wordpress.com\/2015\/06\/receita-bolo-de-cenoura-com-gotas-de-chocolate.jpg?quality=85&amp;strip=info 620w, https:\/\/abrilclaudia.files.wordpress.com\/2015\/06\/receita-bolo-de-cenoura-com-gotas-de-chocolate.jpg?quality=85&amp;strip=info&amp;w=150&amp;h=90 150w, https:\/\/abrilclaudia.files.wordpress.com\/2015\/06\/receita-bolo-de-cenoura-com-gotas-de-chocolate.jpg?quality=85&amp;strip=info&amp;w=300&amp;h=180 300w\" alt=\"\" width=\"620\" height=\"372\" border=\"0\" data-image-title=\"receita-bolo-de-cenoura-com-gotas-de-chocolate\" data-restrict=\"false\" data-portal-copyright=\"Reprodu\u00e7\u00e3o\" data-image-caption=\"\" \/><\/a>\u2013<\/div>\n<p class=\"caption\">\u00a0(Reprodu\u00e7\u00e3o\/CLAUDIA)<\/p>\n<\/div>\n<h3>22. Pipoca caramelada<\/h3>\n<p>Pipoca doce com tr\u00eas ingredientes e pronta bem r\u00e1pido. Confira as\u00a0<a href=\"http:\/\/mdemulher.abril.com.br\/receitas\/pipoca-caramelada\/\">instru\u00e7\u00f5es<\/a>(bem simples).<\/p>\n<div class=\"content-image aligncenter wp-caption\">\n<div class=\"image\"><a href=\"https:\/\/abrilclaudia.files.wordpress.com\/2015\/06\/receita-pipoca-caramelada-mauro-holanda.jpg?quality=85&amp;strip=info&amp;strip=info\"><img loading=\"lazy\" decoding=\"async\" class=\"aligncenter size-full wp-image-175604\" src=\"https:\/\/abrilclaudia.files.wordpress.com\/2015\/06\/receita-pipoca-caramelada-mauro-holanda.jpg?quality=85&amp;strip=info&amp;w=620&amp;h=372\" sizes=\"(max-width: 620px) 100vw, 620px\" srcset=\"https:\/\/abrilclaudia.files.wordpress.com\/2015\/06\/receita-pipoca-caramelada-mauro-holanda.jpg?quality=85&amp;strip=info 620w, https:\/\/abrilclaudia.files.wordpress.com\/2015\/06\/receita-pipoca-caramelada-mauro-holanda.jpg?quality=85&amp;strip=info&amp;w=150&amp;h=90 150w, https:\/\/abrilclaudia.files.wordpress.com\/2015\/06\/receita-pipoca-caramelada-mauro-holanda.jpg?quality=85&amp;strip=info&amp;w=300&amp;h=180 300w\" alt=\"\" width=\"620\" height=\"372\" border=\"0\" data-image-title=\"receita-pipoca-caramelada-mauro-holanda\" data-restrict=\"false\" data-portal-copyright=\"Mauro Holanda\" data-image-caption=\"\" \/><\/a>\u2013<\/div>\n<p class=\"caption\">\u00a0(Mauro Holanda\/CLAUDIA)<\/p>\n<\/div>\n<h3>23. Arroz-doce com farofa de castanha<\/h3>\n<p>Quem ensina\u00a0<a href=\"http:\/\/mdemulher.abril.com.br\/receitas\/arroz-doce-com-farofa-de-castanhas\/\">esta receita<\/a>\u00a0\u00e9 a chef Ana Luiza Trajano. A farofa \u00e9 feita com caramelo.<\/p>\n<div class=\"content-image aligncenter wp-caption\">\n<div class=\"image\"><a href=\"https:\/\/abrilclaudia.files.wordpress.com\/2015\/06\/arroz-doce.jpg?quality=85&amp;strip=info&amp;strip=info\"><img loading=\"lazy\" decoding=\"async\" class=\"aligncenter size-full wp-image-175607\" src=\"https:\/\/abrilclaudia.files.wordpress.com\/2015\/06\/arroz-doce.jpg?quality=85&amp;strip=info&amp;w=654&amp;h=436\" sizes=\"(max-width: 654px) 100vw, 654px\" srcset=\"https:\/\/abrilclaudia.files.wordpress.com\/2015\/06\/arroz-doce.jpg?quality=85&amp;strip=info 654w, https:\/\/abrilclaudia.files.wordpress.com\/2015\/06\/arroz-doce.jpg?quality=85&amp;strip=info&amp;w=150&amp;h=100 150w, https:\/\/abrilclaudia.files.wordpress.com\/2015\/06\/arroz-doce.jpg?quality=85&amp;strip=info&amp;w=300&amp;h=200 300w\" alt=\"\" width=\"654\" height=\"436\" border=\"0\" data-image-title=\"arroz-doce\" data-restrict=\"false\" data-portal-copyright=\"Rog\u00e9rio Voltan\" data-image-caption=\"\" \/><\/a>\u2013<\/div>\n<p class=\"caption\">\u00a0(Rog\u00e9rio Voltan\/CLAUDIA)<\/p>\n<\/div>\n<h3>24. Pastelzinho de carne-seca com catupiry<\/h3>\n<p>Com massa pronta, o segredo\u00a0<a href=\"http:\/\/mdemulher.abril.com.br\/receitas\/pastelzinho-de-carne-seca-com-catupiry\/\">deste pastel<\/a>\u00a0\u00e9 o recheio bem temperado.<\/p>\n<div class=\"content-image aligncenter wp-caption\">\n<div class=\"image\"><a href=\"https:\/\/abrilclaudia.files.wordpress.com\/2015\/06\/pastelzinho-de-carne-seca.jpg?quality=85&amp;strip=info&amp;strip=info\"><img loading=\"lazy\" decoding=\"async\" class=\"aligncenter size-full wp-image-175610\" src=\"https:\/\/abrilclaudia.files.wordpress.com\/2015\/06\/pastelzinho-de-carne-seca.jpg?quality=85&amp;strip=info&amp;w=654&amp;h=436\" sizes=\"(max-width: 654px) 100vw, 654px\" srcset=\"https:\/\/abrilclaudia.files.wordpress.com\/2015\/06\/pastelzinho-de-carne-seca.jpg?quality=85&amp;strip=info 654w, https:\/\/abrilclaudia.files.wordpress.com\/2015\/06\/pastelzinho-de-carne-seca.jpg?quality=85&amp;strip=info&amp;w=150&amp;h=100 150w, https:\/\/abrilclaudia.files.wordpress.com\/2015\/06\/pastelzinho-de-carne-seca.jpg?quality=85&amp;strip=info&amp;w=300&amp;h=200 300w\" alt=\"\" width=\"654\" height=\"436\" border=\"0\" data-image-title=\"pastelzinho-de-carne-seca\" data-restrict=\"false\" data-portal-copyright=\"Nani Rodrigues\" data-image-caption=\"\" \/><\/a>\u2013<\/div>\n<p class=\"caption\">\u00a0(Nani Rodrigues\/CLAUDIA)<\/p>\n<\/div>\n<h3>25. Cocada de forno<\/h3>\n<p>O truque para finalizar\u00a0<a href=\"http:\/\/mdemulher.abril.com.br\/receitas\/cocada-de-forno-2\/\">esta cocada cremosa\u00a0<\/a>\u00e9 lev\u00e1-la ao forno at\u00e9 gratinar ou usar um ma\u00e7arico.<\/p>\n<div class=\"content-image aligncenter wp-caption\">\n<div class=\"image\"><a href=\"https:\/\/abrilclaudia.files.wordpress.com\/2015\/06\/cocada-de-forno.jpg?quality=85&amp;strip=info&amp;strip=info\"><img loading=\"lazy\" decoding=\"async\" class=\"aligncenter size-full wp-image-175611\" src=\"https:\/\/abrilclaudia.files.wordpress.com\/2015\/06\/cocada-de-forno.jpg?quality=85&amp;strip=info&amp;w=654&amp;h=436\" sizes=\"(max-width: 654px) 100vw, 654px\" srcset=\"https:\/\/abrilclaudia.files.wordpress.com\/2015\/06\/cocada-de-forno.jpg?quality=85&amp;strip=info 654w, https:\/\/abrilclaudia.files.wordpress.com\/2015\/06\/cocada-de-forno.jpg?quality=85&amp;strip=info&amp;w=150&amp;h=100 150w, https:\/\/abrilclaudia.files.wordpress.com\/2015\/06\/cocada-de-forno.jpg?quality=85&amp;strip=info&amp;w=300&amp;h=200 300w\" alt=\"\" width=\"654\" height=\"436\" border=\"0\" data-image-title=\"cocada-de-forno\" data-restrict=\"false\" data-portal-copyright=\"Marcelo Resende\" data-image-caption=\"\" \/><\/a>\u2013<\/div>\n<p class=\"caption\">\u00a0(Marcelo Resende\/CLAUDIA)<\/p>\n<\/div>\n<h3>26. Doce de ab\u00f3bora simples<\/h3>\n<p>Usando cravo-da-\u00edndia, a\u00e7\u00facar e ab\u00f3bora voc\u00ea cria este prato em 15 minutos.\u00a0<a href=\"http:\/\/mdemulher.abril.com.br\/receitas\/doce-de-abobora-simples\/\">Veja como.<\/a><\/p>\n<div class=\"content-image aligncenter wp-caption\">\n<div class=\"image\"><a href=\"https:\/\/abrilclaudia.files.wordpress.com\/2015\/06\/doce_de_abobora_3.jpg?quality=85&amp;strip=info&amp;strip=info\"><img loading=\"lazy\" decoding=\"async\" class=\"aligncenter size-full wp-image-175617\" src=\"https:\/\/abrilclaudia.files.wordpress.com\/2015\/06\/doce_de_abobora_3.jpg?quality=85&amp;strip=info&amp;w=654&amp;h=436\" sizes=\"(max-width: 654px) 100vw, 654px\" srcset=\"https:\/\/abrilclaudia.files.wordpress.com\/2015\/06\/doce_de_abobora_3.jpg?quality=85&amp;strip=info 654w, https:\/\/abrilclaudia.files.wordpress.com\/2015\/06\/doce_de_abobora_3.jpg?quality=85&amp;strip=info&amp;w=150&amp;h=100 150w, https:\/\/abrilclaudia.files.wordpress.com\/2015\/06\/doce_de_abobora_3.jpg?quality=85&amp;strip=info&amp;w=300&amp;h=200 300w\" alt=\"\" width=\"654\" height=\"436\" border=\"0\" data-image-title=\"doce_de_abobora_3\" data-restrict=\"false\" data-portal-copyright=\"Fabio Castelo\" data-image-caption=\"\" \/><\/a>\u2013<\/div>\n<p class=\"caption\">\u00a0(Fabio Castelo\/CLAUDIA)<\/p>\n<\/div>\n<h3>27. Torta cachorro-quente<\/h3>\n<p>Aqui, o cachorro-quente aparece em vers\u00e3o repaginada. Siga os\u00a0<a href=\"http:\/\/mdemulher.abril.com.br\/receitas\/torta-cachorro-quente\/\">passos\u00a0<\/a>para fazer em casa.<\/p>\n<div class=\"content-image aligncenter wp-caption\">\n<div class=\"image\"><a href=\"https:\/\/abrilclaudia.files.wordpress.com\/2015\/06\/receita-torta-cachorro-quente.jpg?quality=85&amp;strip=info&amp;strip=info\"><img loading=\"lazy\" decoding=\"async\" class=\"aligncenter size-full wp-image-175621\" src=\"https:\/\/abrilclaudia.files.wordpress.com\/2015\/06\/receita-torta-cachorro-quente.jpg?quality=85&amp;strip=info&amp;w=620&amp;h=372\" sizes=\"(max-width: 620px) 100vw, 620px\" srcset=\"https:\/\/abrilclaudia.files.wordpress.com\/2015\/06\/receita-torta-cachorro-quente.jpg?quality=85&amp;strip=info 620w, https:\/\/abrilclaudia.files.wordpress.com\/2015\/06\/receita-torta-cachorro-quente.jpg?quality=85&amp;strip=info&amp;w=150&amp;h=90 150w, https:\/\/abrilclaudia.files.wordpress.com\/2015\/06\/receita-torta-cachorro-quente.jpg?quality=85&amp;strip=info&amp;w=300&amp;h=180 300w\" alt=\"\" width=\"620\" height=\"372\" border=\"0\" data-image-title=\"receita-torta-cachorro-quente\" data-restrict=\"false\" data-portal-copyright=\"Ormuzd Alves\" data-image-caption=\"\" \/><\/a>\u2013<\/div>\n<p class=\"caption\">\u00a0(Ormuzd Alves\/CLAUDIA)<\/p>\n<\/div>\n<h3>28. Hot dog do chef<\/h3>\n<p>Esta outra vers\u00e3o usa barbecue caseiro e molho de iogurte com wasabi. Veja\u00a0<a href=\"http:\/\/mdemulher.abril.com.br\/receitas\/hot-dog-do-chef\/\">esta e outras op\u00e7\u00f5es\u00a0<\/a>de molho.<\/p>\n<div class=\"content-image aligncenter wp-caption\">\n<div class=\"image\"><a href=\"https:\/\/abrilclaudia.files.wordpress.com\/2015\/06\/receita-hot-dog-chef-cachorro-quente-gourmet.jpg?quality=85&amp;strip=info&amp;strip=info\"><img loading=\"lazy\" decoding=\"async\" class=\"aligncenter size-full wp-image-175627\" src=\"https:\/\/abrilclaudia.files.wordpress.com\/2015\/06\/receita-hot-dog-chef-cachorro-quente-gourmet.jpg?quality=85&amp;strip=info&amp;w=620&amp;h=372\" sizes=\"(max-width: 620px) 100vw, 620px\" srcset=\"https:\/\/abrilclaudia.files.wordpress.com\/2015\/06\/receita-hot-dog-chef-cachorro-quente-gourmet.jpg?quality=85&amp;strip=info 620w, https:\/\/abrilclaudia.files.wordpress.com\/2015\/06\/receita-hot-dog-chef-cachorro-quente-gourmet.jpg?quality=85&amp;strip=info&amp;w=150&amp;h=90 150w, https:\/\/abrilclaudia.files.wordpress.com\/2015\/06\/receita-hot-dog-chef-cachorro-quente-gourmet.jpg?quality=85&amp;strip=info&amp;w=300&amp;h=180 300w\" alt=\"\" width=\"620\" height=\"372\" border=\"0\" data-image-title=\"receita-hot-dog-chef-cachorro-quente-gourmet\" data-restrict=\"false\" data-portal-copyright=\"Rog\u00e9rio Voltan\" data-image-caption=\"\" \/><\/a>\u2013<\/div>\n<p class=\"caption\">\u00a0(Rog\u00e9rio Voltan\/CLAUDIA)<\/p>\n<\/div>\n<h3>29. Bolinho de milho recheado com frango<\/h3>\n<p>Mais uma op\u00e7\u00e3o salgada. Esta leva fub\u00e1 e amido de milho. O recheio de frango pode ser substitu\u00eddo, a depender da sua vontade. Veja a\u00a0<a href=\"http:\/\/mdemulher.abril.com.br\/receitas\/bolinho-de-milho-recheado-com-frango\/\">receita completa.<\/a><\/p>\n<div class=\"content-image aligncenter wp-caption\">\n<div class=\"image\"><a href=\"https:\/\/abrilclaudia.files.wordpress.com\/2015\/06\/receita-bolinho-de-milho-recheado-frango.jpg?quality=85&amp;strip=info&amp;strip=info\"><img loading=\"lazy\" decoding=\"async\" class=\"aligncenter size-full wp-image-175629\" src=\"https:\/\/abrilclaudia.files.wordpress.com\/2015\/06\/receita-bolinho-de-milho-recheado-frango.jpg?quality=85&amp;strip=info&amp;w=620&amp;h=372\" sizes=\"(max-width: 620px) 100vw, 620px\" srcset=\"https:\/\/abrilclaudia.files.wordpress.com\/2015\/06\/receita-bolinho-de-milho-recheado-frango.jpg?quality=85&amp;strip=info 620w, https:\/\/abrilclaudia.files.wordpress.com\/2015\/06\/receita-bolinho-de-milho-recheado-frango.jpg?quality=85&amp;strip=info&amp;w=150&amp;h=90 150w, https:\/\/abrilclaudia.files.wordpress.com\/2015\/06\/receita-bolinho-de-milho-recheado-frango.jpg?quality=85&amp;strip=info&amp;w=300&amp;h=180 300w\" alt=\"\" width=\"620\" height=\"372\" border=\"0\" data-image-title=\"receita-bolinho-de-milho-recheado-frango\" data-restrict=\"false\" data-portal-copyright=\"Eduardo Delfin\" data-image-caption=\"\" \/><\/a>\u2013<\/div>\n<p class=\"caption\">\u00a0(Eduardo Delfin\/CLAUDIA)<\/p>\n<\/div>\n<h3>30. Minichurros de doce de leite<\/h3>\n<p>O churros pode ser preparado em casa em pequenas por\u00e7\u00f5es sequinhas. \u00a0Confira as dicas para\u00a0<a href=\"http:\/\/mdemulher.abril.com.br\/receitas\/minichurros-de-doce-de-leite\/\">preparar<\/a>.<\/p>\n<div class=\"content-image aligncenter wp-caption\">\n<div class=\"image\"><a href=\"https:\/\/abrilclaudia.files.wordpress.com\/2015\/06\/receita-de-minichurros-de-doce-de-leite.jpg?quality=85&amp;strip=info&amp;strip=info\"><img loading=\"lazy\" decoding=\"async\" class=\"aligncenter size-full wp-image-175631\" src=\"https:\/\/abrilclaudia.files.wordpress.com\/2015\/06\/receita-de-minichurros-de-doce-de-leite.jpg?quality=85&amp;strip=info&amp;w=620&amp;h=372\" sizes=\"(max-width: 620px) 100vw, 620px\" srcset=\"https:\/\/abrilclaudia.files.wordpress.com\/2015\/06\/receita-de-minichurros-de-doce-de-leite.jpg?quality=85&amp;strip=info 620w, https:\/\/abrilclaudia.files.wordpress.com\/2015\/06\/receita-de-minichurros-de-doce-de-leite.jpg?quality=85&amp;strip=info&amp;w=150&amp;h=90 150w, https:\/\/abrilclaudia.files.wordpress.com\/2015\/06\/receita-de-minichurros-de-doce-de-leite.jpg?quality=85&amp;strip=info&amp;w=300&amp;h=180 300w\" alt=\"\" width=\"620\" height=\"372\" border=\"0\" data-image-title=\"receita-de-minichurros-de-doce-de-leite\" data-restrict=\"false\" data-portal-copyright=\"Rog\u00e9rio Voltan\" data-image-caption=\"\" \/><\/a>\u2013<\/div>\n<p class=\"caption\">\u00a0(Rog\u00e9rio Voltan\/CLAUDIA)<\/p>\n<\/div>\n<h3>31. Bolo de fub\u00e1 divino<\/h3>\n<p>Este bolo fica cremoso com a adi\u00e7\u00e3o de leite de coco e leite condensado. Confira a\u00a0<a href=\"http:\/\/mdemulher.abril.com.br\/receitas\/bolo-de-fuba-divino\/\">receita<\/a>.<\/p>\n<div class=\"content-image aligncenter wp-caption\">\n<div class=\"image\"><a href=\"https:\/\/abrilclaudia.files.wordpress.com\/2015\/06\/receita-bolo-de-fuba-divino.jpg?quality=85&amp;strip=info&amp;strip=info\"><img loading=\"lazy\" decoding=\"async\" class=\"aligncenter size-full wp-image-175633\" src=\"https:\/\/abrilclaudia.files.wordpress.com\/2015\/06\/receita-bolo-de-fuba-divino.jpg?quality=85&amp;strip=info&amp;w=620&amp;h=372\" sizes=\"(max-width: 620px) 100vw, 620px\" srcset=\"https:\/\/abrilclaudia.files.wordpress.com\/2015\/06\/receita-bolo-de-fuba-divino.jpg?quality=85&amp;strip=info 620w, https:\/\/abrilclaudia.files.wordpress.com\/2015\/06\/receita-bolo-de-fuba-divino.jpg?quality=85&amp;strip=info&amp;w=150&amp;h=90 150w, https:\/\/abrilclaudia.files.wordpress.com\/2015\/06\/receita-bolo-de-fuba-divino.jpg?quality=85&amp;strip=info&amp;w=300&amp;h=180 300w\" alt=\"\" width=\"620\" height=\"372\" border=\"0\" data-image-title=\"receita-bolo-de-fuba-divino\" data-restrict=\"false\" data-portal-copyright=\"Reprodu\u00e7\u00e3o\" data-image-caption=\"\" \/><\/a>\u2013<\/div>\n<p class=\"caption\">\u00a0(Reprodu\u00e7\u00e3o\/CLAUDIA)<\/p>\n<\/div>\n<h3>32. Minip\u00e3o de queijo recheado com pernil<\/h3>\n<p>O p\u00e3o de queijo cl\u00e1ssico ganha ainda mais sabor com o recheio. Veja como\u00a0<a href=\"http:\/\/mdemulher.abril.com.br\/receitas\/minipao-de-queijo-recheado-com-pernil\/\">preparar<\/a>\u00a0a massa e o pernil.<\/p>\n<div class=\"content-image aligncenter wp-caption\">\n<div class=\"image\"><a href=\"https:\/\/abrilclaudia.files.wordpress.com\/2015\/06\/receita-minipao-queijo-recheado-pernil.jpg?quality=85&amp;strip=info&amp;strip=info\"><img loading=\"lazy\" decoding=\"async\" class=\"aligncenter size-full wp-image-175632\" src=\"https:\/\/abrilclaudia.files.wordpress.com\/2015\/06\/receita-minipao-queijo-recheado-pernil.jpg?quality=85&amp;strip=info&amp;w=620&amp;h=372\" sizes=\"(max-width: 620px) 100vw, 620px\" srcset=\"https:\/\/abrilclaudia.files.wordpress.com\/2015\/06\/receita-minipao-queijo-recheado-pernil.jpg?quality=85&amp;strip=info 620w, https:\/\/abrilclaudia.files.wordpress.com\/2015\/06\/receita-minipao-queijo-recheado-pernil.jpg?quality=85&amp;strip=info&amp;w=150&amp;h=90 150w, https:\/\/abrilclaudia.files.wordpress.com\/2015\/06\/receita-minipao-queijo-recheado-pernil.jpg?quality=85&amp;strip=info&amp;w=300&amp;h=180 300w\" alt=\"\" width=\"620\" height=\"372\" border=\"0\" data-image-title=\"receita-minipao-queijo-recheado-pernil\" data-restrict=\"false\" data-portal-copyright=\"Rog\u00e9rio Voltan\" data-image-caption=\"\" \/><\/a>\u2013<\/div>\n<p class=\"caption\">\u00a0(Rog\u00e9rio Voltan\/CLAUDIA)<\/p>\n<\/div>\n<h3>33. P\u00e3o de ab\u00f3bora recheada com queijo<\/h3>\n<p>Para comer quentinho, saindo do forno, ou adormecido, este p\u00e3o \u00e9 recheado com queijo de minas. D\u00ea uma olhada nos ingredientes e no\u00a0<a href=\"http:\/\/mdemulher.abril.com.br\/receitas\/pao-de-abobora-recheado-de-queijo\/\">modo de preparo<\/a>.<\/p>\n<div class=\"content-image aligncenter wp-caption\">\n<div class=\"image\"><a href=\"https:\/\/abrilclaudia.files.wordpress.com\/2015\/06\/receita-pao-de-abobora-recheado-de-queijo-1.jpg?quality=85&amp;strip=info&amp;strip=info\"><img loading=\"lazy\" decoding=\"async\" class=\"aligncenter size-full wp-image-175637\" src=\"https:\/\/abrilclaudia.files.wordpress.com\/2015\/06\/receita-pao-de-abobora-recheado-de-queijo-1.jpg?quality=85&amp;strip=info&amp;w=620&amp;h=372\" sizes=\"(max-width: 620px) 100vw, 620px\" srcset=\"https:\/\/abrilclaudia.files.wordpress.com\/2015\/06\/receita-pao-de-abobora-recheado-de-queijo-1.jpg?quality=85&amp;strip=info 620w, https:\/\/abrilclaudia.files.wordpress.com\/2015\/06\/receita-pao-de-abobora-recheado-de-queijo-1.jpg?quality=85&amp;strip=info&amp;w=150&amp;h=90 150w, https:\/\/abrilclaudia.files.wordpress.com\/2015\/06\/receita-pao-de-abobora-recheado-de-queijo-1.jpg?quality=85&amp;strip=info&amp;w=300&amp;h=180 300w\" alt=\"\" width=\"620\" height=\"372\" border=\"0\" data-image-title=\"receita-pao-de-abobora-recheado-de-queijo (1)\" data-restrict=\"false\" data-portal-copyright=\"Ormuzd Alves\" data-image-caption=\"\" \/><\/a>\u2013<\/div>\n<p class=\"caption\">\u00a0(Ormuzd Alves\/CLAUDIA)<\/p>\n<\/div>\n<p>Fonte: <a href=\"https:\/\/claudia.abril.com.br\/gastronomia\/32-receitas-tipicas-de-festa-junina\/\">Revista Cl\u00e1udia<\/a><\/p>\n<\/section>\n","protected":false},"excerpt":{"rendered":"<p>Separamos as melhores receitas para voc\u00ea deixar o seu arrai\u00e1 ainda mais completo! iStock\/Thinkstock\/Getty Images\u00a0(\/) Com a chegada de junho, os pratos t\u00edpicos de festa caipira s\u00e3o requisito obrigat\u00f3rio. Se voc\u00ea \u00e9 das que acreditam que esta \u00e9 a melhor \u00e9poca do ano em mat\u00e9ria de comilan\u00e7a, vai gostar da nossa sele\u00e7\u00e3o de receitas para [&hellip;]<\/p>\n","protected":false},"author":101029,"featured_media":5515,"comment_status":"open","ping_status":"open","sticky":false,"template":"","format":"standard","meta":{"footnotes":""},"categories":[15],"tags":[],"class_list":["post-5512","post","type-post","status-publish","format-standard","has-post-thumbnail","hentry","category-receitas"],"views":3760,"_links":{"self":[{"href":"https:\/\/www.abip.org.br\/site\/wp-json\/wp\/v2\/posts\/5512","targetHints":{"allow":["GET"]}}],"collection":[{"href":"https:\/\/www.abip.org.br\/site\/wp-json\/wp\/v2\/posts"}],"about":[{"href":"https:\/\/www.abip.org.br\/site\/wp-json\/wp\/v2\/types\/post"}],"author":[{"embeddable":true,"href":"https:\/\/www.abip.org.br\/site\/wp-json\/wp\/v2\/users\/101029"}],"replies":[{"embeddable":true,"href":"https:\/\/www.abip.org.br\/site\/wp-json\/wp\/v2\/comments?post=5512"}],"version-history":[{"count":1,"href":"https:\/\/www.abip.org.br\/site\/wp-json\/wp\/v2\/posts\/5512\/revisions"}],"predecessor-version":[{"id":5516,"href":"https:\/\/www.abip.org.br\/site\/wp-json\/wp\/v2\/posts\/5512\/revisions\/5516"}],"wp:featuredmedia":[{"embeddable":true,"href":"https:\/\/www.abip.org.br\/site\/wp-json\/wp\/v2\/media\/5515"}],"wp:attachment":[{"href":"https:\/\/www.abip.org.br\/site\/wp-json\/wp\/v2\/media?parent=5512"}],"wp:term":[{"taxonomy":"category","embeddable":true,"href":"https:\/\/www.abip.org.br\/site\/wp-json\/wp\/v2\/categories?post=5512"},{"taxonomy":"post_tag","embeddable":true,"href":"https:\/\/www.abip.org.br\/site\/wp-json\/wp\/v2\/tags?post=5512"}],"curies":[{"name":"wp","href":"https:\/\/api.w.org\/{rel}","templated":true}]}}