{"id":43560,"date":"2026-04-30T11:45:04","date_gmt":"2026-04-30T13:45:04","guid":{"rendered":"https:\/\/www.abip.org.br\/site\/?p=43560"},"modified":"2026-04-30T11:45:04","modified_gmt":"2026-04-30T13:45:04","slug":"vitoria-da-panificacao-padarias-passam-a-ser-reconhecidas-no-novo-modelo-da-reforma-tributaria","status":"publish","type":"post","link":"https:\/\/www.abip.org.br\/site\/vitoria-da-panificacao-padarias-passam-a-ser-reconhecidas-no-novo-modelo-da-reforma-tributaria\/","title":{"rendered":"VIT\u00d3RIA DA PANIFICA\u00c7\u00c3O: PADARIAS PASSAM A SER RECONHECIDAS NO NOVO MODELO DA REFORMA TRIBUT\u00c1RIA"},"content":{"rendered":"<p>A Associa\u00e7\u00e3o Brasileira da Ind\u00fastria de Panifica\u00e7\u00e3o e Confeitaria (Abip) informa um importante avan\u00e7o para o setor no processo de regulamenta\u00e7\u00e3o da Reforma Tribut\u00e1ria sobre o consumo. O texto publicado nesta quinta-feira, dia 30, do regulamento do IBS e da CBS passa a reconhecer de forma expressa a atividade das padarias no regime espec\u00edfico de alimenta\u00e7\u00e3o, incluindo a produ\u00e7\u00e3o pr\u00f3pria de alimentos preparados no pr\u00f3prio estabelecimento.<\/p>\n<p>\u201cNa pr\u00e1tica, esse reconhecimento representa um passo fundamental para garantir tratamento mais justo \u00e0 panifica\u00e7\u00e3o dentro do novo sistema tribut\u00e1rio, evitando uma distor\u00e7\u00e3o que poderia gerar desigualdade na tributa\u00e7\u00e3o de produtos semelhantes\u201d, explicou o presidente da Abip, Paulo Menegueli.<\/p>\n<p><strong>CONCORR\u00caNCIA<\/strong><\/p>\n<p>Sem esse enquadramento, o setor poderia enfrentar um cen\u00e1rio em que o mesmo alimento teria tributa\u00e7\u00e3o diferente dependendo do tipo de estabelecimento que o comercializa, impactando diretamente a competitividade das padarias.<\/p>\n<p>Essa situa\u00e7\u00e3o poderia gerar aumento de custos, press\u00e3o sobre os pre\u00e7os ao consumidor e dificuldades ainda maiores para os pequenos neg\u00f3cios, que representam a grande maioria das padarias brasileiras e est\u00e3o presentes em todos os munic\u00edpios do pa\u00eds.<\/p>\n<p>Com a inclus\u00e3o das padarias no regime espec\u00edfico de alimenta\u00e7\u00e3o, o novo modelo avan\u00e7a no sentido de garantir isonomia, previsibilidade e condi\u00e7\u00f5es mais equilibradas de atua\u00e7\u00e3o, protegendo empresas, empregos e o abastecimento di\u00e1rio da popula\u00e7\u00e3o.<\/p>\n<p>Essa conquista \u00e9 resultado de um trabalho cont\u00ednuo de articula\u00e7\u00e3o institucional, di\u00e1logo t\u00e9cnico e mobiliza\u00e7\u00e3o nacional liderado pela Abip, com a participa\u00e7\u00e3o ativa de suas entidades filiadas e lideran\u00e7as em todo o Brasil.<\/p>\n<p>Para o presidente da Abip, Paulo Menegueli, o momento simboliza a for\u00e7a do setor: \u201cEssa \u00e9 uma conquista constru\u00edda a muitas m\u00e3os. A panifica\u00e7\u00e3o brasileira mostrou sua for\u00e7a, sua uni\u00e3o e sua capacidade de mobiliza\u00e7\u00e3o. Estamos presentes em todos os munic\u00edpios, gerando emprego, renda e abastecendo diariamente milh\u00f5es de brasileiros. Esse reconhecimento \u00e9 fundamental para garantir justi\u00e7a tribut\u00e1ria ao nosso setor.\u201d<\/p>\n<p>A Abip refor\u00e7a que seguir\u00e1 acompanhando atentamente os pr\u00f3ximos desdobramentos da regulamenta\u00e7\u00e3o, atuando para assegurar a correta aplica\u00e7\u00e3o das regras e a defesa permanente dos interesses da panifica\u00e7\u00e3o brasileira.<\/p>\n","protected":false},"excerpt":{"rendered":"<p>A Associa\u00e7\u00e3o Brasileira da Ind\u00fastria de Panifica\u00e7\u00e3o e Confeitaria (Abip) informa um importante avan\u00e7o para o setor no processo de regulamenta\u00e7\u00e3o da Reforma Tribut\u00e1ria sobre o consumo. O texto publicado nesta quinta-feira, dia 30, do regulamento do IBS e da CBS passa a reconhecer de forma expressa a atividade das padarias no regime espec\u00edfico de [&hellip;]<\/p>\n","protected":false},"author":1,"featured_media":43561,"comment_status":"closed","ping_status":"open","sticky":false,"template":"","format":"standard","meta":{"footnotes":""},"categories":[1],"tags":[],"class_list":["post-43560","post","type-post","status-publish","format-standard","has-post-thumbnail","hentry","category-noticias"],"views":48,"_links":{"self":[{"href":"https:\/\/www.abip.org.br\/site\/wp-json\/wp\/v2\/posts\/43560","targetHints":{"allow":["GET"]}}],"collection":[{"href":"https:\/\/www.abip.org.br\/site\/wp-json\/wp\/v2\/posts"}],"about":[{"href":"https:\/\/www.abip.org.br\/site\/wp-json\/wp\/v2\/types\/post"}],"author":[{"embeddable":true,"href":"https:\/\/www.abip.org.br\/site\/wp-json\/wp\/v2\/users\/1"}],"replies":[{"embeddable":true,"href":"https:\/\/www.abip.org.br\/site\/wp-json\/wp\/v2\/comments?post=43560"}],"version-history":[{"count":1,"href":"https:\/\/www.abip.org.br\/site\/wp-json\/wp\/v2\/posts\/43560\/revisions"}],"predecessor-version":[{"id":43562,"href":"https:\/\/www.abip.org.br\/site\/wp-json\/wp\/v2\/posts\/43560\/revisions\/43562"}],"wp:featuredmedia":[{"embeddable":true,"href":"https:\/\/www.abip.org.br\/site\/wp-json\/wp\/v2\/media\/43561"}],"wp:attachment":[{"href":"https:\/\/www.abip.org.br\/site\/wp-json\/wp\/v2\/media?parent=43560"}],"wp:term":[{"taxonomy":"category","embeddable":true,"href":"https:\/\/www.abip.org.br\/site\/wp-json\/wp\/v2\/categories?post=43560"},{"taxonomy":"post_tag","embeddable":true,"href":"https:\/\/www.abip.org.br\/site\/wp-json\/wp\/v2\/tags?post=43560"}],"curies":[{"name":"wp","href":"https:\/\/api.w.org\/{rel}","templated":true}]}}