{"id":43330,"date":"2026-03-02T08:28:25","date_gmt":"2026-03-02T10:28:25","guid":{"rendered":"https:\/\/www.abip.org.br\/site\/?p=43330"},"modified":"2026-03-13T20:57:58","modified_gmt":"2026-03-13T22:57:58","slug":"panificacao-saudavel-ganha-forca-e-sera-tema-de-live-nacional-promovida-pela-abip","status":"publish","type":"post","link":"https:\/\/www.abip.org.br\/site\/panificacao-saudavel-ganha-forca-e-sera-tema-de-live-nacional-promovida-pela-abip\/","title":{"rendered":"Panifica\u00e7\u00e3o saud\u00e1vel ganha for\u00e7a e ser\u00e1 tema de live nacional promovida pela Abip"},"content":{"rendered":"<p style=\"font-weight: 400;\">A busca por alimentos mais equilibrados e nutritivos j\u00e1 impacta diretamente o setor de panifica\u00e7\u00e3o no Brasil. Atenta a esse movimento, a Associa\u00e7\u00e3o Brasileira da Ind\u00fastria de Panifica\u00e7\u00e3o e Confeitaria (Abip), em parceria com o Sebrae, promove no dia 16 de mar\u00e7o, \u00e0s 19h, a live \u201cPadaria tamb\u00e9m \u00e9 sa\u00fade\u201d, com participa\u00e7\u00e3o de especialistas reconhecidos nacionalmente.<\/p>\n<p style=\"font-weight: 400;\">Inspirada no ebook\u00a0<strong><em>Livro de Receitas: Padaria tamb\u00e9m \u00e9 sa\u00fade<\/em><\/strong>, a transmiss\u00e3o apresentar\u00e1, na pr\u00e1tica, receitas que unem tradi\u00e7\u00e3o e inova\u00e7\u00e3o, como o P\u00e3o Proteico, que fornece aproximadamente 7g de prote\u00edna a cada 100g, e o Pain de Mie Complet, rico em fibras e elaborado com esponja lenta e mix de cereais.<\/p>\n<p style=\"font-weight: 400;\">Durante o encontro, tamb\u00e9m ser\u00e1 abordada a import\u00e2ncia da comunica\u00e7\u00e3o estrat\u00e9gica no ponto de venda, com o uso de r\u00f3tulos desenvolvidos para destacar benef\u00edcios funcionais e ingredientes nobres<\/p>\n<p style=\"font-weight: 400;\">\u201cO setor de panifica\u00e7\u00e3o vive um momento de transforma\u00e7\u00e3o. Saudabilidade deixou de ser tend\u00eancia e passou a ser estrat\u00e9gia de competitividade para as padarias brasileiras\u201d, afirma o presidente da Abip, Paulo Menegueli.<\/p>\n<p style=\"font-weight: 400;\">As inscri\u00e7\u00f5es s\u00e3o gratuitas e podem ser feitas pelo link:\u00a0<a href=\"https:\/\/forms.gle\/UNpmvhFwDpExomHEA\" data-saferedirecturl=\"https:\/\/www.google.com\/url?q=https:\/\/forms.gle\/UNpmvhFwDpExomHEA&amp;source=gmail&amp;ust=1772533289009000&amp;usg=AOvVaw0ZI3451Tl_SA-s6gWTILrH\">https:\/\/forms.gle\/UNpmvhFwDpExomHEA<\/a>.<\/p>\n","protected":false},"excerpt":{"rendered":"<p>A busca por alimentos mais equilibrados e nutritivos j\u00e1 impacta diretamente o setor de panifica\u00e7\u00e3o no Brasil. Atenta a esse movimento, a Associa\u00e7\u00e3o Brasileira da Ind\u00fastria de Panifica\u00e7\u00e3o e Confeitaria (Abip), em parceria com o Sebrae, promove no dia 16 de mar\u00e7o, \u00e0s 19h, a live \u201cPadaria tamb\u00e9m \u00e9 sa\u00fade\u201d, com participa\u00e7\u00e3o de especialistas reconhecidos [&hellip;]<\/p>\n","protected":false},"author":1,"featured_media":43475,"comment_status":"closed","ping_status":"open","sticky":false,"template":"","format":"standard","meta":{"footnotes":""},"categories":[1],"tags":[],"class_list":["post-43330","post","type-post","status-publish","format-standard","has-post-thumbnail","hentry","category-noticias"],"views":371,"_links":{"self":[{"href":"https:\/\/www.abip.org.br\/site\/wp-json\/wp\/v2\/posts\/43330","targetHints":{"allow":["GET"]}}],"collection":[{"href":"https:\/\/www.abip.org.br\/site\/wp-json\/wp\/v2\/posts"}],"about":[{"href":"https:\/\/www.abip.org.br\/site\/wp-json\/wp\/v2\/types\/post"}],"author":[{"embeddable":true,"href":"https:\/\/www.abip.org.br\/site\/wp-json\/wp\/v2\/users\/1"}],"replies":[{"embeddable":true,"href":"https:\/\/www.abip.org.br\/site\/wp-json\/wp\/v2\/comments?post=43330"}],"version-history":[{"count":1,"href":"https:\/\/www.abip.org.br\/site\/wp-json\/wp\/v2\/posts\/43330\/revisions"}],"predecessor-version":[{"id":43332,"href":"https:\/\/www.abip.org.br\/site\/wp-json\/wp\/v2\/posts\/43330\/revisions\/43332"}],"wp:featuredmedia":[{"embeddable":true,"href":"https:\/\/www.abip.org.br\/site\/wp-json\/wp\/v2\/media\/43475"}],"wp:attachment":[{"href":"https:\/\/www.abip.org.br\/site\/wp-json\/wp\/v2\/media?parent=43330"}],"wp:term":[{"taxonomy":"category","embeddable":true,"href":"https:\/\/www.abip.org.br\/site\/wp-json\/wp\/v2\/categories?post=43330"},{"taxonomy":"post_tag","embeddable":true,"href":"https:\/\/www.abip.org.br\/site\/wp-json\/wp\/v2\/tags?post=43330"}],"curies":[{"name":"wp","href":"https:\/\/api.w.org\/{rel}","templated":true}]}}