{"id":43258,"date":"2026-02-13T16:17:08","date_gmt":"2026-02-13T18:17:08","guid":{"rendered":"https:\/\/www.abip.org.br\/site\/?p=43258"},"modified":"2026-02-13T16:17:08","modified_gmt":"2026-02-13T18:17:08","slug":"abip-promove-live-esg-na-pratica-para-padarias-e-confeitarias","status":"publish","type":"post","link":"https:\/\/www.abip.org.br\/site\/abip-promove-live-esg-na-pratica-para-padarias-e-confeitarias\/","title":{"rendered":"ABIP PROMOVE LIVE: ESG NA PR\u00c1TICA PARA PADARIAS E CONFEITARIAS"},"content":{"rendered":"<p>A sustentabilidade, a responsabilidade social e a boa governan\u00e7a deixaram de ser conceitos distantes da realidade empresarial e passaram a integrar a agenda estrat\u00e9gica do setor produtivo. No segmento de panifica\u00e7\u00e3o e confeitaria, aplicar os princ\u00edpios do ESG significa fortalecer a competitividade, melhorar processos internos e gerar impacto positivo nas comunidades onde as empresas est\u00e3o inseridas.<\/p>\n<p>Com o objetivo de apoiar empres\u00e1rios, dirigentes e lideran\u00e7as do setor, a Abip realiza a live \u201cESG na Pr\u00e1tica\u201d, no pr\u00f3ximo dia 24 de fevereiro (ter\u00e7a-feira), \u00e0s 19 horas, um encontro que ir\u00e1 apresentar caminhos poss\u00edveis e aplic\u00e1veis \u00e0 rotina das padarias e confeitarias. A proposta \u00e9 traduzir o conceito em a\u00e7\u00f5es concretas, alinhadas ao porte e \u00e0 realidade dos neg\u00f3cios do setor.<\/p>\n<p>Participe e garanta sua inscri\u00e7\u00e3o agora mesmo: <a href=\"https:\/\/forms.gle\/3i8fzQqFRvxyTfDp9\" target=\"_blank\">https:\/\/forms.gle\/3i8fzQqFRvxyTfDp9 <\/a><\/p>\n<p>A programa\u00e7\u00e3o contar\u00e1 com a participa\u00e7\u00e3o de Emerson Amaral, da Ideal Consultoria, e de Alex Martins, da Padaria Cinco Quinas, que compartilhar\u00e1 sua experi\u00eancia como case real apresentado no ebook ESG na Pr\u00e1tica, desenvolvido pela Abip em parceria com o Sebrae Nacional. O encontro busca demonstrar que a implementa\u00e7\u00e3o do ESG \u00e9 vi\u00e1vel e pode gerar resultados consistentes.<\/p>\n<p>A live ser\u00e1 transmitidade no dia 24 de fevereiro, \u00e0s 19h, pelo canal da abip no Youtube. Convidamos presidentes, diretores e empres\u00e1rios da panifica\u00e7\u00e3o a participarem deste momento de atualiza\u00e7\u00e3o e fortalecimento da gest\u00e3o setorial.<\/p>\n","protected":false},"excerpt":{"rendered":"<p>A sustentabilidade, a responsabilidade social e a boa governan\u00e7a deixaram de ser conceitos distantes da realidade empresarial e passaram a integrar a agenda estrat\u00e9gica do setor produtivo. No segmento de panifica\u00e7\u00e3o e confeitaria, aplicar os princ\u00edpios do ESG significa fortalecer a competitividade, melhorar processos internos e gerar impacto positivo nas comunidades onde as empresas est\u00e3o [&hellip;]<\/p>\n","protected":false},"author":1,"featured_media":43259,"comment_status":"closed","ping_status":"open","sticky":false,"template":"","format":"standard","meta":{"footnotes":""},"categories":[1],"tags":[],"class_list":["post-43258","post","type-post","status-publish","format-standard","has-post-thumbnail","hentry","category-noticias"],"views":351,"_links":{"self":[{"href":"https:\/\/www.abip.org.br\/site\/wp-json\/wp\/v2\/posts\/43258","targetHints":{"allow":["GET"]}}],"collection":[{"href":"https:\/\/www.abip.org.br\/site\/wp-json\/wp\/v2\/posts"}],"about":[{"href":"https:\/\/www.abip.org.br\/site\/wp-json\/wp\/v2\/types\/post"}],"author":[{"embeddable":true,"href":"https:\/\/www.abip.org.br\/site\/wp-json\/wp\/v2\/users\/1"}],"replies":[{"embeddable":true,"href":"https:\/\/www.abip.org.br\/site\/wp-json\/wp\/v2\/comments?post=43258"}],"version-history":[{"count":1,"href":"https:\/\/www.abip.org.br\/site\/wp-json\/wp\/v2\/posts\/43258\/revisions"}],"predecessor-version":[{"id":43260,"href":"https:\/\/www.abip.org.br\/site\/wp-json\/wp\/v2\/posts\/43258\/revisions\/43260"}],"wp:featuredmedia":[{"embeddable":true,"href":"https:\/\/www.abip.org.br\/site\/wp-json\/wp\/v2\/media\/43259"}],"wp:attachment":[{"href":"https:\/\/www.abip.org.br\/site\/wp-json\/wp\/v2\/media?parent=43258"}],"wp:term":[{"taxonomy":"category","embeddable":true,"href":"https:\/\/www.abip.org.br\/site\/wp-json\/wp\/v2\/categories?post=43258"},{"taxonomy":"post_tag","embeddable":true,"href":"https:\/\/www.abip.org.br\/site\/wp-json\/wp\/v2\/tags?post=43258"}],"curies":[{"name":"wp","href":"https:\/\/api.w.org\/{rel}","templated":true}]}}