{"id":43186,"date":"2026-03-12T06:00:12","date_gmt":"2026-03-12T08:00:12","guid":{"rendered":"https:\/\/www.abip.org.br\/site\/?p=43186"},"modified":"2026-02-03T11:38:28","modified_gmt":"2026-02-03T13:38:28","slug":"15-de-marco-como-padarias-podem-usar-o-dia-do-consumidor-para-fidelizar-clientes","status":"publish","type":"post","link":"https:\/\/www.abip.org.br\/site\/15-de-marco-como-padarias-podem-usar-o-dia-do-consumidor-para-fidelizar-clientes\/","title":{"rendered":"15 DE MAR\u00c7O: COMO PADARIAS PODEM USAR O DIA DO CONSUMIDOR PARA FIDELIZAR CLIENTES"},"content":{"rendered":"<p style=\"font-weight: 400;\"><a href=\"https:\/\/www.abip.org.br\/site\/wp-content\/uploads\/2026\/02\/150729.jpg\"><img fetchpriority=\"high\" decoding=\"async\" class=\"aligncenter wp-image-43188\" src=\"https:\/\/www.abip.org.br\/site\/wp-content\/uploads\/2026\/02\/150729.jpg\" alt=\"\" width=\"500\" height=\"334\" srcset=\"https:\/\/www.abip.org.br\/site\/wp-content\/uploads\/2026\/02\/150729.jpg 1000w, https:\/\/www.abip.org.br\/site\/wp-content\/uploads\/2026\/02\/150729-300x200.jpg 300w, https:\/\/www.abip.org.br\/site\/wp-content\/uploads\/2026\/02\/150729-768x512.jpg 768w\" sizes=\"(max-width: 500px) 100vw, 500px\" \/><\/a><\/p>\n<p style=\"font-weight: 400;\">O Dia Mundial do Consumidor, comemorado em 15 de mar\u00e7o, refor\u00e7a a import\u00e2ncia da confian\u00e7a, da transpar\u00eancia e da boa experi\u00eancia de compra, pilares essenciais para o sucesso das padarias e confeitarias, que lidam diariamente com consumo recorrente e relacionamento direto com o cliente.<\/p>\n<p style=\"font-weight: 400;\">Mais do que uma data promocional, o Dia do Consumidor \u00e9 um convite para refletir sobre atendimento, qualidade, clareza nas ofertas e proximidade com quem compra.<\/p>\n<p style=\"font-weight: 400;\"><strong>A\u00e7\u00f5es que podem funcionar bem:<\/strong><\/p>\n<ul style=\"font-weight: 400;\">\n<li>Destacar produtos mais vendidos e preferidos dos clientes<\/li>\n<li>Criar pequenos benef\u00edcios: combos, brindes simb\u00f3licos ou vantagens para clientes fi\u00e9is<\/li>\n<li>Incentivar avalia\u00e7\u00f5es, sugest\u00f5es e feedbacks<\/li>\n<li>Refor\u00e7ar a comunica\u00e7\u00e3o clara de pre\u00e7os, promo\u00e7\u00f5es e diferenciais<\/li>\n<\/ul>\n<p style=\"font-weight: 400;\"><strong>Frases prontas para usar:<\/strong><\/p>\n<p style=\"font-weight: 400;\"><em>\u201cAqui o cliente \u00e9 prioridade todos os dias.\u201d<\/em><\/p>\n<p style=\"font-weight: 400;\"><em>\u201cHoje celebramos quem confia no nosso trabalho.\u201d<\/em><\/p>\n<p style=\"font-weight: 400;\"><em>\u201cObrigado por fazer parte da nossa hist\u00f3ria.\u201d<\/em><\/p>\n<p style=\"font-weight: 400;\"><strong>Produto-\u00e2ncora sugerido<\/strong><\/p>\n<p style=\"font-weight: 400;\">P\u00e3o franc\u00eas<\/p>\n<p style=\"font-weight: 400;\">Produto mais vendido da casa (\u201co queridinho do cliente\u201d)<\/p>\n<p style=\"font-weight: 400;\"><strong>A\u00e7\u00e3o r\u00e1pida<\/strong><\/p>\n<p style=\"font-weight: 400;\">Brinde simb\u00f3lico para quem comprar acima de determinado valor<\/p>\n<p style=\"font-weight: 400;\">Etiqueta \u201cProduto preferido dos nossos clientes\u201d<\/p>\n<p style=\"font-weight: 400;\"><strong>Comunica\u00e7\u00e3o simples<\/strong><\/p>\n<p style=\"font-weight: 400;\">Cartaz no balc\u00e3o:<br \/>\n<em>\u201cMar\u00e7o \u00e9 o m\u00eas do consumidor. Obrigado pela prefer\u00eancia!\u201d<\/em><\/p>\n<p style=\"font-weight: 400;\"><a href=\"https:\/\/www.abip.org.br\/site\/wp-content\/uploads\/2026\/02\/12marco.jpg\"><img decoding=\"async\" class=\"aligncenter wp-image-43187\" src=\"https:\/\/www.abip.org.br\/site\/wp-content\/uploads\/2026\/02\/12marco.jpg\" alt=\"\" width=\"500\" height=\"332\" srcset=\"https:\/\/www.abip.org.br\/site\/wp-content\/uploads\/2026\/02\/12marco.jpg 874w, https:\/\/www.abip.org.br\/site\/wp-content\/uploads\/2026\/02\/12marco-300x199.jpg 300w, https:\/\/www.abip.org.br\/site\/wp-content\/uploads\/2026\/02\/12marco-768x510.jpg 768w\" sizes=\"(max-width: 500px) 100vw, 500px\" \/><\/a><\/p>\n<p style=\"font-weight: 400;\"><strong>MAR\u00c7O: M\u00caS DO CONSUMIDOR NAS PADARIAS<\/strong><\/p>\n<p style=\"font-weight: 400;\">Em vez de concentrar a\u00e7\u00f5es em apenas um dia, padarias e confeitarias podem transformar todo o m\u00eas de mar\u00e7o em um per\u00edodo dedicado \u00e0 experi\u00eancia do cliente.<\/p>\n<p style=\"font-weight: 400;\">Sugest\u00f5es pr\u00e1ticas:<\/p>\n<ul style=\"font-weight: 400;\">\n<li>Semana do cliente fiel<\/li>\n<li>Pesquisa r\u00e1pida de satisfa\u00e7\u00e3o com recompensa simb\u00f3lica<\/li>\n<li>Destaque de \u201cprodutos queridinhos\u201d do p\u00fablico<\/li>\n<li>Comunica\u00e7\u00e3o focada em confian\u00e7a e relacionamento<\/li>\n<\/ul>\n<p style=\"font-weight: 400;\">Essa estrat\u00e9gia contribui para fideliza\u00e7\u00e3o, aumento de ticket m\u00e9dio e fortalecimento da marca.<\/p>\n<p style=\"font-weight: 400;\"><strong>DICA ABIP:<\/strong>\u00a0o\u00a0<a href=\"https:\/\/www.abip.org.br\/site\/confira-o-calendario-oficial-das-padarias-e-confeitarias-do-brasil\/\"><u>Calend\u00e1rio Oficial 2026<\/u><\/a>\u00a0ajuda padarias e confeitarias a visualizarem datas estrat\u00e9gicas como essa e planejarem a\u00e7\u00f5es com anteced\u00eancia. Confira!<\/p>\n","protected":false},"excerpt":{"rendered":"<p>O Dia Mundial do Consumidor, comemorado em 15 de mar\u00e7o, refor\u00e7a a import\u00e2ncia da confian\u00e7a, da transpar\u00eancia e da boa experi\u00eancia de compra, pilares essenciais para o sucesso das padarias e confeitarias, que lidam diariamente com consumo recorrente e relacionamento direto com o cliente. Mais do que uma data promocional, o Dia do Consumidor \u00e9 [&hellip;]<\/p>\n","protected":false},"author":1,"featured_media":43187,"comment_status":"closed","ping_status":"open","sticky":false,"template":"","format":"standard","meta":{"footnotes":""},"categories":[1],"tags":[],"class_list":["post-43186","post","type-post","status-publish","format-standard","has-post-thumbnail","hentry","category-noticias"],"views":285,"_links":{"self":[{"href":"https:\/\/www.abip.org.br\/site\/wp-json\/wp\/v2\/posts\/43186","targetHints":{"allow":["GET"]}}],"collection":[{"href":"https:\/\/www.abip.org.br\/site\/wp-json\/wp\/v2\/posts"}],"about":[{"href":"https:\/\/www.abip.org.br\/site\/wp-json\/wp\/v2\/types\/post"}],"author":[{"embeddable":true,"href":"https:\/\/www.abip.org.br\/site\/wp-json\/wp\/v2\/users\/1"}],"replies":[{"embeddable":true,"href":"https:\/\/www.abip.org.br\/site\/wp-json\/wp\/v2\/comments?post=43186"}],"version-history":[{"count":2,"href":"https:\/\/www.abip.org.br\/site\/wp-json\/wp\/v2\/posts\/43186\/revisions"}],"predecessor-version":[{"id":43190,"href":"https:\/\/www.abip.org.br\/site\/wp-json\/wp\/v2\/posts\/43186\/revisions\/43190"}],"wp:featuredmedia":[{"embeddable":true,"href":"https:\/\/www.abip.org.br\/site\/wp-json\/wp\/v2\/media\/43187"}],"wp:attachment":[{"href":"https:\/\/www.abip.org.br\/site\/wp-json\/wp\/v2\/media?parent=43186"}],"wp:term":[{"taxonomy":"category","embeddable":true,"href":"https:\/\/www.abip.org.br\/site\/wp-json\/wp\/v2\/categories?post=43186"},{"taxonomy":"post_tag","embeddable":true,"href":"https:\/\/www.abip.org.br\/site\/wp-json\/wp\/v2\/tags?post=43186"}],"curies":[{"name":"wp","href":"https:\/\/api.w.org\/{rel}","templated":true}]}}