{"id":43182,"date":"2026-03-04T06:00:38","date_gmt":"2026-03-04T08:00:38","guid":{"rendered":"https:\/\/www.abip.org.br\/site\/?p=43182"},"modified":"2026-02-03T11:31:35","modified_gmt":"2026-02-03T13:31:35","slug":"dia-da-mulher-como-padarias-e-confeitarias-podem-valorizar-clientes-e-equipes-no-dia-8-de-marco","status":"publish","type":"post","link":"https:\/\/www.abip.org.br\/site\/dia-da-mulher-como-padarias-e-confeitarias-podem-valorizar-clientes-e-equipes-no-dia-8-de-marco\/","title":{"rendered":"DIA DA MULHER: COMO PADARIAS E CONFEITARIAS PODEM VALORIZAR CLIENTES E EQUIPES NO DIA 8 DE MAR\u00c7O"},"content":{"rendered":"<p style=\"font-weight: 400;\">O Dia Internacional da Mulher, celebrado em 8 de mar\u00e7o, \u00e9 uma oportunidade estrat\u00e9gica para padarias e confeitarias irem al\u00e9m das homenagens simb\u00f3licas e criarem a\u00e7\u00f5es que fortale\u00e7am o relacionamento com clientes e valorizem as mulheres que fazem parte das equipes e da rotina do neg\u00f3cio.<\/p>\n<p style=\"font-weight: 400;\">No setor de panifica\u00e7\u00e3o e confeitaria, a presen\u00e7a feminina \u00e9 expressiva em \u00e1reas como produ\u00e7\u00e3o, atendimento, gest\u00e3o e empreendedorismo. Por isso, a data pode ser trabalhada como um momento de reconhecimento, conex\u00e3o e posicionamento da marca.<\/p>\n<p><a href=\"https:\/\/www.abip.org.br\/site\/wp-content\/uploads\/2026\/02\/mulheres.jpg\"><img fetchpriority=\"high\" decoding=\"async\" class=\"wp-image-43183 aligncenter\" src=\"https:\/\/www.abip.org.br\/site\/wp-content\/uploads\/2026\/02\/mulheres.jpg\" alt=\"\" width=\"500\" height=\"335\" srcset=\"https:\/\/www.abip.org.br\/site\/wp-content\/uploads\/2026\/02\/mulheres.jpg 865w, https:\/\/www.abip.org.br\/site\/wp-content\/uploads\/2026\/02\/mulheres-300x201.jpg 300w, https:\/\/www.abip.org.br\/site\/wp-content\/uploads\/2026\/02\/mulheres-768x514.jpg 768w\" sizes=\"(max-width: 500px) 100vw, 500px\" \/><\/a><\/p>\n<p style=\"font-weight: 400;\"><strong>Ideias pr\u00e1ticas para padarias e confeitarias<\/strong><\/p>\n<ul style=\"font-weight: 400;\">\n<li><strong>VALORIZAR COLABORADORAS COM MENSAGENS INTERNAS, PEQUENAS A\u00c7\u00d5ES OU RECONHECIMENTO P\u00daBLICO<\/strong><\/li>\n<\/ul>\n<p style=\"font-weight: 400;\">Pequenas a\u00e7\u00f5es internas fazem grande diferen\u00e7a no clima da equipe. A padaria pode:<\/p>\n<ul style=\"font-weight: 400;\">\n<li>Fixar mensagens no mural interno<\/li>\n<li>Incluir um cart\u00e3o simples junto ao lanche da equipe<\/li>\n<li>Fazer uma breve fala de agradecimento no in\u00edcio do expediente<\/li>\n<\/ul>\n<p style=\"font-weight: 400;\"><strong>Sugest\u00f5es de frases:<\/strong><\/p>\n<p style=\"font-weight: 400;\"><em>\u201cO nosso dia a dia s\u00f3 acontece porque temos mulheres fortes, dedicadas e inspiradoras na equipe.\u201d<\/em><\/p>\n<p style=\"font-weight: 400;\"><em>\u201cHoje celebramos quem faz nossa padaria crescer todos os dias.\u201d<\/em><\/p>\n<p style=\"font-weight: 400;\"><em>\u201cNossa gratid\u00e3o a todas as mulheres que colocam talento e carinho em tudo o que fazem.\u201d<\/p>\n<p><\/em><\/p>\n<ul style=\"font-weight: 400;\">\n<li><strong>OFERECER UM MIMO SIMB\u00d3LICO \u00c0S CLIENTES NO BALC\u00c3O (MINI DOCE, CAF\u00c9 OU COOKIE)<\/strong><\/li>\n<\/ul>\n<p style=\"font-weight: 400;\">Um gesto simples ajuda a criar conex\u00e3o e boa lembran\u00e7a da marca.<\/p>\n<ul style=\"font-weight: 400;\">\n<li>Mini cookie, mini p\u00e3o doce ou caf\u00e9 cortesia<\/li>\n<li>Entrega junto \u00e0 compra, sem necessidade de cadastro ou regras complexas<\/li>\n<\/ul>\n<p style=\"font-weight: 400;\">Dica pr\u00e1tica:<br \/>\nUm pequeno cartaz no balc\u00e3o pode comunicar:<br \/>\n<em>\u201cHoje \u00e9 Dia da Mulher. Um mimo preparado com carinho para voc\u00ea.\u201d<\/em><\/p>\n<p><a href=\"https:\/\/www.abip.org.br\/site\/wp-content\/uploads\/2026\/02\/pao.jpg\"><img decoding=\"async\" class=\"aligncenter wp-image-43184\" src=\"https:\/\/www.abip.org.br\/site\/wp-content\/uploads\/2026\/02\/pao.jpg\" alt=\"\" width=\"500\" height=\"343\" srcset=\"https:\/\/www.abip.org.br\/site\/wp-content\/uploads\/2026\/02\/pao.jpg 847w, https:\/\/www.abip.org.br\/site\/wp-content\/uploads\/2026\/02\/pao-300x206.jpg 300w, https:\/\/www.abip.org.br\/site\/wp-content\/uploads\/2026\/02\/pao-768x527.jpg 768w\" sizes=\"(max-width: 500px) 100vw, 500px\" \/><\/a><\/p>\n<ul style=\"font-weight: 400;\">\n<li><strong>CRIAR PRODUTOS OU EMBALAGENS COM MENSAGENS DE VALORIZA\u00c7\u00c3O<\/strong><\/li>\n<\/ul>\n<p style=\"font-weight: 400;\">N\u00e3o \u00e9 necess\u00e1rio criar um novo produto. O diferencial est\u00e1 na comunica\u00e7\u00e3o.<\/p>\n<ul style=\"font-weight: 400;\">\n<li>Tags simples presas \u00e0s embalagens<\/li>\n<li>Etiquetas adesivas<\/li>\n<li>Cart\u00f5es pequenos dentro da sacola<\/li>\n<\/ul>\n<p style=\"font-weight: 400;\">Exemplos de mensagens para usar:<\/p>\n<p style=\"font-weight: 400;\"><em>\u201cPara mulheres que inspiram todos os dias.\u201d<\/em><\/p>\n<p style=\"font-weight: 400;\"><em>\u201cFeito com carinho para celebrar voc\u00ea.\u201d<\/em><\/p>\n<p style=\"font-weight: 400;\"><em>\u201cHoje o sabor \u00e9 de reconhecimento.\u201d<\/em><\/p>\n<p style=\"font-weight: 400;\">Essas mensagens podem ser usadas em bolos, p\u00e3es doces, kits ou produtos j\u00e1 existentes no card\u00e1pio.<\/p>\n<ul style=\"font-weight: 400;\">\n<li><strong>CONTAR HIST\u00d3RIAS REAIS DE MULHERES DA EQUIPE OU DA COMUNIDADE NAS REDES SOCIAIS<\/strong><\/li>\n<\/ul>\n<p style=\"font-weight: 400;\">Essa a\u00e7\u00e3o humaniza a marca e gera identifica\u00e7\u00e3o imediata.<\/p>\n<ol style=\"font-weight: 400;\">\n<li>Escolha 1 ou 2 mulheres da equipe (padeira, confeiteira, atendente, gestora)<\/li>\n<li>Tire uma foto simples no ambiente de trabalho<\/li>\n<li>Fa\u00e7a uma pergunta curta e direta<\/li>\n<\/ol>\n<p style=\"font-weight: 400;\">Exemplos de perguntas:<\/p>\n<p style=\"font-weight: 400;\"><em>\u201cO que voc\u00ea mais gosta de fazer na padaria?\u201d<\/em><\/p>\n<p style=\"font-weight: 400;\"><em>\u201cO que o seu trabalho representa para voc\u00ea?\u201d<\/em><\/p>\n<p style=\"font-weight: 400;\"><em>\u201cO que te inspira no seu dia a dia?\u201d<\/em><\/p>\n<p style=\"font-weight: 400;\">Como postar:<\/p>\n<ul style=\"font-weight: 400;\">\n<li>1 foto + 1 frase no feed<\/li>\n<li>Sequ\u00eancia de stories com foto e resposta<\/li>\n<li>Texto curto, real e sem produ\u00e7\u00e3o excessiva<\/li>\n<\/ul>\n<p style=\"font-weight: 400;\">Essa din\u00e2mica valoriza pessoas reais e aproxima clientes da padaria.<\/p>\n<p style=\"font-weight: 400;\">\nAl\u00e9m de gerar engajamento, essas a\u00e7\u00f5es contribuem para um ambiente mais positivo, fortalecem a cultura interna e aproximam a padaria do seu p\u00fablico.<\/p>\n<p style=\"font-weight: 400;\"><strong>DICA ABIP:<\/strong>\u00a0o Dia da Mulher integra o\u00a0<u>Calend\u00e1rio Oficial das Padarias e Confeitarias do Brasil 2026<\/u>, que ajuda o empres\u00e1rio a planejar a\u00e7\u00f5es com prop\u00f3sito ao longo do ano. Confira!<\/p>\n<p>&nbsp;<\/p>\n<p>&nbsp;<\/p>\n","protected":false},"excerpt":{"rendered":"<p>O Dia Internacional da Mulher, celebrado em 8 de mar\u00e7o, \u00e9 uma oportunidade estrat\u00e9gica para padarias e confeitarias irem al\u00e9m das homenagens simb\u00f3licas e criarem a\u00e7\u00f5es que fortale\u00e7am o relacionamento com clientes e valorizem as mulheres que fazem parte das equipes e da rotina do neg\u00f3cio. No setor de panifica\u00e7\u00e3o e confeitaria, a presen\u00e7a feminina [&hellip;]<\/p>\n","protected":false},"author":1,"featured_media":43183,"comment_status":"closed","ping_status":"open","sticky":false,"template":"","format":"standard","meta":{"footnotes":""},"categories":[1],"tags":[],"class_list":["post-43182","post","type-post","status-publish","format-standard","has-post-thumbnail","hentry","category-noticias"],"views":449,"_links":{"self":[{"href":"https:\/\/www.abip.org.br\/site\/wp-json\/wp\/v2\/posts\/43182","targetHints":{"allow":["GET"]}}],"collection":[{"href":"https:\/\/www.abip.org.br\/site\/wp-json\/wp\/v2\/posts"}],"about":[{"href":"https:\/\/www.abip.org.br\/site\/wp-json\/wp\/v2\/types\/post"}],"author":[{"embeddable":true,"href":"https:\/\/www.abip.org.br\/site\/wp-json\/wp\/v2\/users\/1"}],"replies":[{"embeddable":true,"href":"https:\/\/www.abip.org.br\/site\/wp-json\/wp\/v2\/comments?post=43182"}],"version-history":[{"count":1,"href":"https:\/\/www.abip.org.br\/site\/wp-json\/wp\/v2\/posts\/43182\/revisions"}],"predecessor-version":[{"id":43185,"href":"https:\/\/www.abip.org.br\/site\/wp-json\/wp\/v2\/posts\/43182\/revisions\/43185"}],"wp:featuredmedia":[{"embeddable":true,"href":"https:\/\/www.abip.org.br\/site\/wp-json\/wp\/v2\/media\/43183"}],"wp:attachment":[{"href":"https:\/\/www.abip.org.br\/site\/wp-json\/wp\/v2\/media?parent=43182"}],"wp:term":[{"taxonomy":"category","embeddable":true,"href":"https:\/\/www.abip.org.br\/site\/wp-json\/wp\/v2\/categories?post=43182"},{"taxonomy":"post_tag","embeddable":true,"href":"https:\/\/www.abip.org.br\/site\/wp-json\/wp\/v2\/tags?post=43182"}],"curies":[{"name":"wp","href":"https:\/\/api.w.org\/{rel}","templated":true}]}}