{"id":42950,"date":"2025-11-10T06:00:48","date_gmt":"2025-11-10T08:00:48","guid":{"rendered":"https:\/\/www.abip.org.br\/site\/?p=42950"},"modified":"2025-11-07T10:46:58","modified_gmt":"2025-11-07T12:46:58","slug":"por-que-comprar-pao-na-padaria-beneficios-para-a-saude-a-rotina-e-a-economia-local","status":"publish","type":"post","link":"https:\/\/www.abip.org.br\/site\/por-que-comprar-pao-na-padaria-beneficios-para-a-saude-a-rotina-e-a-economia-local\/","title":{"rendered":"POR QUE COMPRAR P\u00c3O NA PADARIA? BENEF\u00cdCIOS PARA A SA\u00daDE, A ROTINA E A ECONOMIA LOCAL"},"content":{"rendered":"<p style=\"font-weight: 400;\">Nada transmite mais aconchego e energia para o nosso dia a dia do que o aroma do p\u00e3o franc\u00eas saindo do forno. Na padaria, cada p\u00e3o \u00e9 feito diariamente com ingredientes selecionados: farinha de trigo, \u00e1gua, fermento e sal (e muito carinho). Essa combina\u00e7\u00e3o transforma um alimento b\u00e1sico em uma fonte de sabor, tradi\u00e7\u00e3o, bem\u2010estar e energia.<\/p>\n<p style=\"font-weight: 400;\"><strong>Sa\u00fade e alimenta\u00e7\u00e3o equilibrada<\/strong><\/p>\n<p style=\"font-weight: 400;\">O consumo de p\u00e3o fresco na padaria tem m\u00faltiplos benef\u00edcios para a alimenta\u00e7\u00e3o. De acordo com a publica\u00e7\u00e3o cient\u00edfica da revista\u00a0<em>Critical Reviews in Food Science &amp; Nutrition<\/em>, pesquisadores ressaltam que o consumo de p\u00e3o, especialmente quando combinado com farinhas de melhor qualidade ou gr\u00e3os integrais, pode integrar uma dieta equilibrada sem favorecer ganho de peso excessivo.<\/p>\n<p style=\"font-weight: 400;\">Outro estudo, publicado em 2024, avaliou mais de 1,8 milh\u00f5es de adultos e concluiu que o consumo de p\u00e3o n\u00e3o est\u00e1 associado ao aumento do risco de c\u00e2ncer; e que o p\u00e3o de gr\u00e3os inteiros pode, at\u00e9, apresentar efeito protetor, especialmente para c\u00e2ncer de c\u00f3lon.<\/p>\n<p style=\"font-weight: 400;\">Al\u00e9m disso, a qualidade dos gr\u00e3os importa: pesquisa da University of California, San Francisco mostrou que farinhas refinadas perdem at\u00e9 tr\u00eas quartos de nutrientes em compara\u00e7\u00e3o com gr\u00e3os mais integrais, o que refor\u00e7a o valor nutricional de p\u00e3es preparados com bons ingredientes nas padarias.<\/p>\n<p style=\"font-weight: 400;\">Ou seja: escolher p\u00e3o na padaria, fresco e feito com cuidado, ajuda voc\u00ea a manter disposi\u00e7\u00e3o, aporte energ\u00e9tico e uma alimenta\u00e7\u00e3o mais consciente.<\/p>\n<p style=\"font-weight: 400;\"><strong>Rotina, frescor e conveni\u00eancia local<\/strong><\/p>\n<p style=\"font-weight: 400;\">Comprar p\u00e3o na padaria \u00e9 valorizar o cotidiano e adotar um h\u00e1bito simples que faz diferen\u00e7a. Na pr\u00e1tica:<\/p>\n<ul style=\"font-weight: 400;\">\n<li><strong>Voc\u00ea garante frescor di\u00e1rio:<\/strong>\u00a0o p\u00e3o \u00e9 assado para o consumo naquele dia, o que preserva sabor, textura e aroma.<\/li>\n<li><strong>Sem necessidade de longa conserva\u00e7\u00e3o ou centenas de aditivos:<\/strong>\u00a0o p\u00e3o da padaria privilegia receitas tradicionais, com ingredientes de verdade.<\/li>\n<li><strong>Um carboidrato essencial:<\/strong>\u00a0o p\u00e3o franc\u00eas fornece energia r\u00e1pida e de qualidade para come\u00e7ar o dia ou repor for\u00e7as no meio da rotina.<\/li>\n<li><strong>Um momento social e cultural:<\/strong> sair da padaria, ver o padeiro, o p\u00e3o saindo do forno, conversar com vizinhos: tudo isso refor\u00e7a a conviv\u00eancia, a tradi\u00e7\u00e3o e o v\u00ednculo com o bairro.<\/li>\n<\/ul>\n<p style=\"font-weight: 400;\"><strong>Economia local e comunidade<\/strong><\/p>\n<p style=\"font-weight: 400;\">Al\u00e9m dos benef\u00edcios individuais, comprar p\u00e3o de padaria tamb\u00e9m fortalece a economia local. Segundo levantamento de 2025, o setor de panifica\u00e7\u00e3o brasileiro representa um importante motor econ\u00f4mico: estima\u2010se que cerca de 50 milh\u00f5es de pessoas frequentem padarias diariamente, o que representa aproximadamente 22,1 % da popula\u00e7\u00e3o nacional.<\/p>\n<p style=\"font-weight: 400;\">Quando voc\u00ea escolhe a padaria, ao inv\u00e9s de s\u00f3 redes grandes ou produtos industrializados, voc\u00ea apoia empreendedores da sua cidade, gera\u00e7\u00e3o de empregos, dinamiza\u00e7\u00e3o do com\u00e9rcio de bairro e preserva\u00e7\u00e3o de um modelo de neg\u00f3cio de proximidade.<\/p>\n<p style=\"font-weight: 400;\">Isso est\u00e1 alinhado ao prop\u00f3sito da campanha\u00a0<strong>\u201cP\u00e3o \u00e9 Energia, P\u00e3o \u00e9 na Padaria\u201d<\/strong>, da Abip em parceria com o Sebrae Nacional: valorizar o p\u00e3o franc\u00eas, destacar a padaria como protagonista e mobilizar o consumo consciente.<\/p>\n<p style=\"font-weight: 400;\"><strong>Nosso convite<\/strong><\/p>\n<p style=\"font-weight: 400;\">Na campanha #P\u00e3o\u00c9Energia e #P\u00e3o\u00c9NaPadaria, convidamos voc\u00ea a\u00a0<strong>valorizar o p\u00e3o fresco da padaria de bairro<\/strong>, compartilhando sua foto ou v\u00eddeo, marcando\u00a0<strong>@abipanificacao<\/strong>\u00a0e usando as hashtags da a\u00e7\u00e3o.<\/p>\n<p style=\"font-weight: 400;\">Valorize o com\u00e9rcio local, escolha o p\u00e3o de verdade feito todo dia, transforme seu momento de refei\u00e7\u00e3o num instante de sabor, conex\u00e3o e energia. Porque mais do que alimento o p\u00e3o da padaria \u00e9 tradi\u00e7\u00e3o, cultura, bem\u2010estar e energia!<\/p>\n","protected":false},"excerpt":{"rendered":"<p>Nada transmite mais aconchego e energia para o nosso dia a dia do que o aroma do p\u00e3o franc\u00eas saindo do forno. Na padaria, cada p\u00e3o \u00e9 feito diariamente com ingredientes selecionados: farinha de trigo, \u00e1gua, fermento e sal (e muito carinho). Essa combina\u00e7\u00e3o transforma um alimento b\u00e1sico em uma fonte de sabor, tradi\u00e7\u00e3o, bem\u2010estar [&hellip;]<\/p>\n","protected":false},"author":1,"featured_media":42951,"comment_status":"closed","ping_status":"open","sticky":false,"template":"","format":"standard","meta":{"footnotes":""},"categories":[1],"tags":[],"class_list":["post-42950","post","type-post","status-publish","format-standard","has-post-thumbnail","hentry","category-noticias"],"views":1094,"_links":{"self":[{"href":"https:\/\/www.abip.org.br\/site\/wp-json\/wp\/v2\/posts\/42950","targetHints":{"allow":["GET"]}}],"collection":[{"href":"https:\/\/www.abip.org.br\/site\/wp-json\/wp\/v2\/posts"}],"about":[{"href":"https:\/\/www.abip.org.br\/site\/wp-json\/wp\/v2\/types\/post"}],"author":[{"embeddable":true,"href":"https:\/\/www.abip.org.br\/site\/wp-json\/wp\/v2\/users\/1"}],"replies":[{"embeddable":true,"href":"https:\/\/www.abip.org.br\/site\/wp-json\/wp\/v2\/comments?post=42950"}],"version-history":[{"count":1,"href":"https:\/\/www.abip.org.br\/site\/wp-json\/wp\/v2\/posts\/42950\/revisions"}],"predecessor-version":[{"id":42952,"href":"https:\/\/www.abip.org.br\/site\/wp-json\/wp\/v2\/posts\/42950\/revisions\/42952"}],"wp:featuredmedia":[{"embeddable":true,"href":"https:\/\/www.abip.org.br\/site\/wp-json\/wp\/v2\/media\/42951"}],"wp:attachment":[{"href":"https:\/\/www.abip.org.br\/site\/wp-json\/wp\/v2\/media?parent=42950"}],"wp:term":[{"taxonomy":"category","embeddable":true,"href":"https:\/\/www.abip.org.br\/site\/wp-json\/wp\/v2\/categories?post=42950"},{"taxonomy":"post_tag","embeddable":true,"href":"https:\/\/www.abip.org.br\/site\/wp-json\/wp\/v2\/tags?post=42950"}],"curies":[{"name":"wp","href":"https:\/\/api.w.org\/{rel}","templated":true}]}}