{"id":42910,"date":"2025-10-27T10:35:27","date_gmt":"2025-10-27T12:35:27","guid":{"rendered":"https:\/\/www.abip.org.br\/site\/?p=42910"},"modified":"2025-10-23T10:38:19","modified_gmt":"2025-10-23T12:38:19","slug":"manaus-recebe-abip-pelo-brasil","status":"publish","type":"post","link":"https:\/\/www.abip.org.br\/site\/manaus-recebe-abip-pelo-brasil\/","title":{"rendered":"MANAUS RECEBE ABIP PELO BRASIL"},"content":{"rendered":"<p>A capital amazonense foi palco, no dia 17 de outubro, de mais uma edi\u00e7\u00e3o do projeto ABIP pelo Brasil, promovido pela Associa\u00e7\u00e3o Brasileira da Ind\u00fastria de Panifica\u00e7\u00e3o e Confeitaria (ABIP) e o Sebrae Nacional, com apoio do Sindpam \u2013 Sindicato da Ind\u00fastria de Panifica\u00e7\u00e3o e Confeitaria do Amazonas. O encontro aconteceu durante a FIPA 2025 (Feira Internacional de Panifica\u00e7\u00e3o da Amaz\u00f4nia), no Centro de Conven\u00e7\u00f5es Vasco Vasques \u2013 Unidade 2, reunindo um p\u00fablico expressivo de empres\u00e1rios, t\u00e9cnicos e profissionais do setor, com transmiss\u00e3o ao vivo pelo canal da ABIP no YouTube.<\/p>\n<p>A programa\u00e7\u00e3o teve in\u00edcio com a sauda\u00e7\u00e3o da presidente do Sindpam, Zeina Russo, e da diretora-superintendente do Sebrae Amazonas, Ananda Carvalho, que destacaram a import\u00e2ncia da panifica\u00e7\u00e3o para a economia local e o papel do conhecimento t\u00e9cnico como motor de crescimento e inova\u00e7\u00e3o.<\/p>\n<p>O presidente da ABIP, Paulo Menegueli, apresentou o painel \u201cPanorama da Panifica\u00e7\u00e3o Brasileira: Tend\u00eancias e Desafios\u201d, trazendo um diagn\u00f3stico atual do setor e suas perspectivas. Segundo o levantamento nacional, o segmento superou R$ 153 bilh\u00f5es em faturamento em 2024, com alta de 10,92%, e destaque para o desempenho das regi\u00f5es Norte (+16,36%) e Nordeste (+13,37%).<br \/>\nEm sua fala, Menegueli ressaltou que \u201ca panifica\u00e7\u00e3o reflete o Brasil: \u00e9 trabalhadora, criativa e resiliente. Somos um setor que acorda cedo, gera emprego, renda e faz parte da rotina de milh\u00f5es de brasileiros todos os dias.\u201d<\/p>\n<p><a href=\"https:\/\/www.abip.org.br\/site\/wp-content\/uploads\/2025\/10\/C1A0081-e1761222985564.jpg\"><img fetchpriority=\"high\" decoding=\"async\" src=\"https:\/\/www.abip.org.br\/site\/wp-content\/uploads\/2025\/10\/C1A0081-300x200.jpg\" alt=\"\" width=\"300\" height=\"200\" class=\"alignnone size-medium wp-image-42911\" \/><\/a><\/p>\n<p><strong>Conte\u00fado t\u00e9cnico<\/strong><\/p>\n<p>O evento seguiu com o Debate T\u00e9cnico \u201cO P\u00e3o Franc\u00eas em Foco: T\u00e9cnicas, Processos e Desafios Regionais\u201d, mediado pelo consultor Emerson Amaral (Ideal Consultoria), com participa\u00e7\u00e3o dos chefs Francijander de Oliveira (Manaus), Jerry Matos (Manaus), Maur\u00edcio Santos (S\u00e3o Paulo) e Leilson Santos (Bras\u00edlia). O painel apresentou resultados da Pesquisa T\u00e9cnica do P\u00e3o Franc\u00eas \u2013 Edi\u00e7\u00e3o Manaus, conduzida de forma isenta e an\u00f4nima, baseada na Norma ABNT NBR 16170, que estabelece os 13 quesitos de avalia\u00e7\u00e3o do produto, como croc\u00e2ncia, miolo, cor e sabor.<\/p>\n<p>Mais de 100 padarias participaram da amostragem, e as tr\u00eas padarias com melhor desempenho foram reconhecidas com certificados durante o evento.<\/p>\n<p>O destaque desta edi\u00e7\u00e3o ficou com P\u00e3o &#038; Companhia (1\u00ba lugar); Panificadora e Confeitaria Serpan (2\u00ba) e Panificadora Rio Negro (3\u00ba).<\/p>\n<p><strong>Venda hist\u00f3ria<\/strong><\/p>\n<p>\u00c0s 16h50, o p\u00fablico acompanhou a palestra \u201cSeu Produto \u00e9 \u00danico. Sua Marca Tamb\u00e9m Pode Ser!\u201d, conduzida por Patr\u00edcia Marques, especialista em marketing e atendimento ao cliente. A palestra trouxe insights sobre como transformar produtos do dia a dia \u2014 especialmente o p\u00e3o franc\u00eas \u2014 em campe\u00f5es de venda, explorando temas como embalagem, comunica\u00e7\u00e3o, promo\u00e7\u00f5es e presen\u00e7a digital. Patr\u00edcia destacou que o diferencial competitivo das padarias est\u00e1 em \u201cvender mais do que p\u00e3o: vender uma hist\u00f3ria, um prop\u00f3sito e uma experi\u00eancia de marca.\u201d<\/p>\n<p><strong>P\u00e3o \u00e9 Energia, P\u00e3o \u00e9 na Padaria\u201d<\/strong><\/p>\n<p>Encerrando o dia, o evento promoveu uma verdadeira imers\u00e3o pr\u00e1tica com a Oficina \u201cSabores da Amaz\u00f4nia e o P\u00e3o Franc\u00eas\u201d, comandada pelo mestre padeiro espanhol Manuel Flecha, que trouxe t\u00e9cnicas internacionais aplicadas a ingredientes regionais.<\/p>\n<p>Antes do encerramento, o p\u00fablico participou com entusiasmo do Quiz Interativo da Campanha \u201cP\u00e3o \u00e9 Energia, P\u00e3o \u00e9 na Padaria\u201d, respondendo perguntas sobre a Norma do P\u00e3o Franc\u00eas (NBR 16170), curiosidades t\u00e9cnicas e cultura de panifica\u00e7\u00e3o. A din\u00e2mica marcou o lan\u00e7amento oficial da campanha em Manaus, que refor\u00e7a o consumo do p\u00e3o fresco como alimento saud\u00e1vel, saboroso e cheio de energia \u2014 s\u00edmbolo de alegria, pluralidade e movimento.<\/p>\n<p>O evento foi uma realiza\u00e7\u00e3o da ABIP e Sebrae Nacional, com apoio do Sindpam e coordena\u00e7\u00e3o t\u00e9cnica da Ideal Consultoria, reafirmando o compromisso da entidade em levar conhecimento, inova\u00e7\u00e3o e integra\u00e7\u00e3o para fortalecer a panifica\u00e7\u00e3o em todo o Brasil.<\/p>\n<p>Confira a programa\u00e7\u00e3o completa no <a href=\"https:\/\/www.youtube.com\/live\/KJ00hveQ0rs?si=aofEL3zEB5e2yhZc&#038;t=720\" target=\"_blank\">canal da Abip no Youtube<\/a><\/p>\n","protected":false},"excerpt":{"rendered":"<p>A capital amazonense foi palco, no dia 17 de outubro, de mais uma edi\u00e7\u00e3o do projeto ABIP pelo Brasil, promovido pela Associa\u00e7\u00e3o Brasileira da Ind\u00fastria de Panifica\u00e7\u00e3o e Confeitaria (ABIP) e o Sebrae Nacional, com apoio do Sindpam \u2013 Sindicato da Ind\u00fastria de Panifica\u00e7\u00e3o e Confeitaria do Amazonas. O encontro aconteceu durante a FIPA 2025 [&hellip;]<\/p>\n","protected":false},"author":1,"featured_media":42912,"comment_status":"closed","ping_status":"open","sticky":false,"template":"","format":"standard","meta":{"footnotes":""},"categories":[1],"tags":[],"class_list":["post-42910","post","type-post","status-publish","format-standard","has-post-thumbnail","hentry","category-noticias"],"views":650,"_links":{"self":[{"href":"https:\/\/www.abip.org.br\/site\/wp-json\/wp\/v2\/posts\/42910","targetHints":{"allow":["GET"]}}],"collection":[{"href":"https:\/\/www.abip.org.br\/site\/wp-json\/wp\/v2\/posts"}],"about":[{"href":"https:\/\/www.abip.org.br\/site\/wp-json\/wp\/v2\/types\/post"}],"author":[{"embeddable":true,"href":"https:\/\/www.abip.org.br\/site\/wp-json\/wp\/v2\/users\/1"}],"replies":[{"embeddable":true,"href":"https:\/\/www.abip.org.br\/site\/wp-json\/wp\/v2\/comments?post=42910"}],"version-history":[{"count":1,"href":"https:\/\/www.abip.org.br\/site\/wp-json\/wp\/v2\/posts\/42910\/revisions"}],"predecessor-version":[{"id":42913,"href":"https:\/\/www.abip.org.br\/site\/wp-json\/wp\/v2\/posts\/42910\/revisions\/42913"}],"wp:featuredmedia":[{"embeddable":true,"href":"https:\/\/www.abip.org.br\/site\/wp-json\/wp\/v2\/media\/42912"}],"wp:attachment":[{"href":"https:\/\/www.abip.org.br\/site\/wp-json\/wp\/v2\/media?parent=42910"}],"wp:term":[{"taxonomy":"category","embeddable":true,"href":"https:\/\/www.abip.org.br\/site\/wp-json\/wp\/v2\/categories?post=42910"},{"taxonomy":"post_tag","embeddable":true,"href":"https:\/\/www.abip.org.br\/site\/wp-json\/wp\/v2\/tags?post=42910"}],"curies":[{"name":"wp","href":"https:\/\/api.w.org\/{rel}","templated":true}]}}