{"id":42886,"date":"2025-10-10T16:52:45","date_gmt":"2025-10-10T18:52:45","guid":{"rendered":"https:\/\/www.abip.org.br\/site\/?p=42886"},"modified":"2025-10-10T16:52:45","modified_gmt":"2025-10-10T18:52:45","slug":"reforma-tributaria-e-o-setor-de-panificacao","status":"publish","type":"post","link":"https:\/\/www.abip.org.br\/site\/reforma-tributaria-e-o-setor-de-panificacao\/","title":{"rendered":"Reforma Tribut\u00e1ria e o Setor de Panifica\u00e7\u00e3o"},"content":{"rendered":"<p>Na noite de 9 de outubro, a Abip promoveu uma live com o diretor de Economia da Confedera\u00e7\u00e3o Nacional da Ind\u00fastria (CNI), M\u00e1rio S\u00e9rgio Carraro Telles, para discutir o tema \u201cReforma Tribut\u00e1ria e Padarias\u201d. O encontro reuniu empres\u00e1rios e lideran\u00e7as do setor, interessados em compreender como o novo sistema de tributa\u00e7\u00e3o sobre o consumo (IBS\/CBS) impactar\u00e1 as padarias e confeitarias em todo o Brasil.<\/p>\n<p>Durante a apresenta\u00e7\u00e3o, M\u00e1rio S\u00e9rgio destacou pontos centrais da reforma tribut\u00e1ria do consumo, como a simplifica\u00e7\u00e3o dos tributos, o fim da substitui\u00e7\u00e3o tribut\u00e1ria (ICMS-ST), a desonera\u00e7\u00e3o de produtos da cesta b\u00e1sica e a manuten\u00e7\u00e3o do tratamento diferenciado para as empresas optantes do Simples Nacional.<\/p>\n<p>O especialista tamb\u00e9m apresentou simula\u00e7\u00f5es que demonstram redu\u00e7\u00e3o da carga tribut\u00e1ria efetiva para a maioria das panificadoras, refor\u00e7ando que o novo modelo pode trazer ganhos em efici\u00eancia e competitividade para o setor.<\/p>\n<p>\u201cO M\u00e1rio S\u00e9rgio tem sido um grande parceiro da panifica\u00e7\u00e3o, ajudando o setor a compreender os impactos e se preparar para essa importante transi\u00e7\u00e3o tribut\u00e1ria. O debate precisa continuar, e por isso, teremos novamente esse tema em destaque na nossa 81\u00aa Conven\u00e7\u00e3o Nacional da Abip, que acontecer\u00e1 em Natal, entre os dias 26 e 28 de novembro\u201d, destacou o presidente da Abip, Paulo Menegueli. <\/p>\n<p>Na conven\u00e7\u00e3o, M\u00e1rio S\u00e9rgio Telles voltar\u00e1 a debater o tema, esclarecer d\u00favidas e orientar os empres\u00e1rios sobre as adapta\u00e7\u00f5es necess\u00e1rias para o novo cen\u00e1rio tribut\u00e1rio, reafirmando o compromisso da Abip em oferecer informa\u00e7\u00e3o t\u00e9cnica e apoio estrat\u00e9gico ao setor.<\/p>\n","protected":false},"excerpt":{"rendered":"<p>Na noite de 9 de outubro, a Abip promoveu uma live com o diretor de Economia da Confedera\u00e7\u00e3o Nacional da Ind\u00fastria (CNI), M\u00e1rio S\u00e9rgio Carraro Telles, para discutir o tema \u201cReforma Tribut\u00e1ria e Padarias\u201d. O encontro reuniu empres\u00e1rios e lideran\u00e7as do setor, interessados em compreender como o novo sistema de tributa\u00e7\u00e3o sobre o consumo (IBS\/CBS) [&hellip;]<\/p>\n","protected":false},"author":1,"featured_media":42887,"comment_status":"closed","ping_status":"open","sticky":false,"template":"","format":"standard","meta":{"footnotes":""},"categories":[1],"tags":[],"class_list":["post-42886","post","type-post","status-publish","format-standard","has-post-thumbnail","hentry","category-noticias"],"views":1212,"_links":{"self":[{"href":"https:\/\/www.abip.org.br\/site\/wp-json\/wp\/v2\/posts\/42886","targetHints":{"allow":["GET"]}}],"collection":[{"href":"https:\/\/www.abip.org.br\/site\/wp-json\/wp\/v2\/posts"}],"about":[{"href":"https:\/\/www.abip.org.br\/site\/wp-json\/wp\/v2\/types\/post"}],"author":[{"embeddable":true,"href":"https:\/\/www.abip.org.br\/site\/wp-json\/wp\/v2\/users\/1"}],"replies":[{"embeddable":true,"href":"https:\/\/www.abip.org.br\/site\/wp-json\/wp\/v2\/comments?post=42886"}],"version-history":[{"count":1,"href":"https:\/\/www.abip.org.br\/site\/wp-json\/wp\/v2\/posts\/42886\/revisions"}],"predecessor-version":[{"id":42888,"href":"https:\/\/www.abip.org.br\/site\/wp-json\/wp\/v2\/posts\/42886\/revisions\/42888"}],"wp:featuredmedia":[{"embeddable":true,"href":"https:\/\/www.abip.org.br\/site\/wp-json\/wp\/v2\/media\/42887"}],"wp:attachment":[{"href":"https:\/\/www.abip.org.br\/site\/wp-json\/wp\/v2\/media?parent=42886"}],"wp:term":[{"taxonomy":"category","embeddable":true,"href":"https:\/\/www.abip.org.br\/site\/wp-json\/wp\/v2\/categories?post=42886"},{"taxonomy":"post_tag","embeddable":true,"href":"https:\/\/www.abip.org.br\/site\/wp-json\/wp\/v2\/tags?post=42886"}],"curies":[{"name":"wp","href":"https:\/\/api.w.org\/{rel}","templated":true}]}}