{"id":42879,"date":"2025-10-08T15:22:34","date_gmt":"2025-10-08T17:22:34","guid":{"rendered":"https:\/\/www.abip.org.br\/site\/?p=42879"},"modified":"2025-10-08T15:22:34","modified_gmt":"2025-10-08T17:22:34","slug":"abip-pelo-brasil-leva-capacitacao-e-integracao-ao-piaui-com-grande-participacao-presencial-e-online","status":"publish","type":"post","link":"https:\/\/www.abip.org.br\/site\/abip-pelo-brasil-leva-capacitacao-e-integracao-ao-piaui-com-grande-participacao-presencial-e-online\/","title":{"rendered":"ABIP PELO BRASIL LEVA CAPACITA\u00c7\u00c3O E INTEGRA\u00c7\u00c3O AO PIAU\u00cd COM GRANDE PARTICIPA\u00c7\u00c3O PRESENCIAL E ONLINE"},"content":{"rendered":"<p style=\"font-weight: 400;\">A Associa\u00e7\u00e3o Brasileira da Ind\u00fastria de Panifica\u00e7\u00e3o e Confeitaria (Abip) realizou, no dia 30 de setembro, mais uma edi\u00e7\u00e3o de sucesso do projeto\u00a0<strong>ABIP PELO BRASIL<\/strong>, desta vez em\u00a0<strong>Teresina (PI)<\/strong>, em parceria com o\u00a0<strong>Sebrae<\/strong>\u00a0e o\u00a0<strong>Sindipan Teresina<\/strong>. O encontro reuniu panificadores, confeiteiros, empres\u00e1rios, lideran\u00e7as e parceiros estrat\u00e9gicos para uma tarde de aprendizado, troca de experi\u00eancias e fortalecimento do setor.<\/p>\n<p style=\"font-weight: 400;\">\u201cA cada edi\u00e7\u00e3o, a gente comprova a for\u00e7a da nossa panifica\u00e7\u00e3o quando se une em torno de conhecimento, inova\u00e7\u00e3o e integra\u00e7\u00e3o. O Piau\u00ed nos recebeu com muito entusiasmo, e foi lindo ver a plateia cheia e tamb\u00e9m centenas de pessoas conectadas online, participando ativamente\u201d, destacou Paulo Menegueli, presidente da ABIP.<\/p>\n<p style=\"font-weight: 400;\"><strong>Compras p\u00fablicas: novas oportunidades para o setor<\/strong><\/p>\n<p style=\"font-weight: 400;\">A programa\u00e7\u00e3o t\u00e9cnica foi aberta com a palestra \u201cCompras P\u00fablicas para Padarias: aprenda o passo a passo para aumentar seu faturamento\u201d, conduzida pelo advogado e consultor Marcelo Viveiros.<br \/>\nO p\u00fablico p\u00f4de entender como participar de licita\u00e7\u00f5es, ampliar mercados e planejar estrategicamente para garantir contratos p\u00fablicos de forma sustent\u00e1vel.<\/p>\n<p style=\"font-weight: 400;\"><strong>Produto regional em destaque<\/strong><\/p>\n<p style=\"font-weight: 400;\">Na sequ\u00eancia, um painel inspirador reuniu Clerton Soares Batista, presidente do Sindipan Teresina, e a Chef Larissa Batista, refer\u00eancia em gastronomia identit\u00e1ria piauiense.<\/p>\n<p style=\"font-weight: 400;\">Eles apresentaram cases de sucesso, ingredientes t\u00edpicos e estrat\u00e9gias para transformar tradi\u00e7\u00e3o em valor agregado, fortalecendo o v\u00ednculo entre cultura local e competitividade.<\/p>\n<p style=\"font-weight: 400;\">\u201cValorizar o produto regional \u00e9 uma forma de contar nossa hist\u00f3ria, gerar conex\u00e3o com os consumidores e criar diferenciais \u00fanicos para as padarias\u201d, ressaltou Clerton Batista.<\/p>\n<p style=\"font-weight: 400;\"><strong>Din\u00e2mica interativa: Criando seu Kit Regional<\/strong><\/p>\n<p style=\"font-weight: 400;\">Um dos momentos mais envolventes da noite foi a din\u00e2mica conduzida por Emerson Amaral e a jornalista J\u00e9ssica Romanha, que instigou o p\u00fablico presencial e online a pensar em novos produtos t\u00edpicos do Piau\u00ed e estrat\u00e9gias para transform\u00e1-los em campe\u00f5es de venda.<\/p>\n<p style=\"font-weight: 400;\">Foram apresentadas ideias criativas e exemplos de kits regionais, conectando gest\u00e3o, inova\u00e7\u00e3o e marketing de produto de maneira pr\u00e1tica e participativa.<\/p>\n<p style=\"font-weight: 400;\"><strong>Mais efici\u00eancia, menos desperd\u00edcio<\/strong><\/p>\n<p style=\"font-weight: 400;\">Encerrando a programa\u00e7\u00e3o t\u00e9cnica, Emerson voltou ao palco para a palestra \u201cMais efici\u00eancia, menos desperd\u00edcio\u201d, mostrando indicadores pr\u00e1ticos de produtividade, t\u00e9cnicas de padroniza\u00e7\u00e3o, planejamento de produ\u00e7\u00e3o e uso estrat\u00e9gico da tecnologia.<\/p>\n<p style=\"font-weight: 400;\">Os participantes receberam insights sobre como estruturar o mix de produtos, engajar equipes e aumentar faturamento com menos perdas e mais organiza\u00e7\u00e3o<\/p>\n<p style=\"font-weight: 400;\"><strong>Um encontro para inspirar e transformar<\/strong><\/p>\n<p style=\"font-weight: 400;\">Com transmiss\u00e3o ao vivo para todo o Brasil, a edi\u00e7\u00e3o Piau\u00ed do ABIP PELO BRASIL contou com grande participa\u00e7\u00e3o presencial e milhares de acessos online, refor\u00e7ando o compromisso da Abip em levar conhecimento e integra\u00e7\u00e3o a todas as regi\u00f5es do pa\u00eds.<\/p>\n<p style=\"font-weight: 400;\">\u201cTeresina mostrou sua for\u00e7a! A programa\u00e7\u00e3o foi rica, o p\u00fablico muito participativo e ficou claro que estamos todos na mesma miss\u00e3o: fortalecer o nosso setor com uni\u00e3o, inova\u00e7\u00e3o e capacita\u00e7\u00e3o. Estou muito feliz de receber no meu estado o ABIP PELO BRASIL\u201d, afirmou Clerton Batista.<\/p>\n<p style=\"font-weight: 400;\">\u201cEssa energia nos motiva a seguir firmes com o projeto ABIP PELO BRASIL. Vamos continuar percorrendo os estados com muito conte\u00fado t\u00e9cnico e troca de experi\u00eancias, sempre com foco no desenvolvimento do setor de panifica\u00e7\u00e3o e confeitaria\u201d, concluiu Paulo Menegueli.<\/p>\n<p style=\"font-weight: 400;\">O pr\u00f3ximo encontro ser\u00e1 em Manaus (AM), no dia 17 de outubro, junto com a FIPA ( Feira Internacional de Panifica\u00e7\u00e3o da Amaz\u00f4nia).<\/p>\n","protected":false},"excerpt":{"rendered":"<p>A Associa\u00e7\u00e3o Brasileira da Ind\u00fastria de Panifica\u00e7\u00e3o e Confeitaria (Abip) realizou, no dia 30 de setembro, mais uma edi\u00e7\u00e3o de sucesso do projeto\u00a0ABIP PELO BRASIL, desta vez em\u00a0Teresina (PI), em parceria com o\u00a0Sebrae\u00a0e o\u00a0Sindipan Teresina. O encontro reuniu panificadores, confeiteiros, empres\u00e1rios, lideran\u00e7as e parceiros estrat\u00e9gicos para uma tarde de aprendizado, troca de experi\u00eancias e fortalecimento [&hellip;]<\/p>\n","protected":false},"author":1,"featured_media":42880,"comment_status":"closed","ping_status":"open","sticky":false,"template":"","format":"standard","meta":{"footnotes":""},"categories":[1],"tags":[],"class_list":["post-42879","post","type-post","status-publish","format-standard","has-post-thumbnail","hentry","category-noticias"],"views":746,"_links":{"self":[{"href":"https:\/\/www.abip.org.br\/site\/wp-json\/wp\/v2\/posts\/42879","targetHints":{"allow":["GET"]}}],"collection":[{"href":"https:\/\/www.abip.org.br\/site\/wp-json\/wp\/v2\/posts"}],"about":[{"href":"https:\/\/www.abip.org.br\/site\/wp-json\/wp\/v2\/types\/post"}],"author":[{"embeddable":true,"href":"https:\/\/www.abip.org.br\/site\/wp-json\/wp\/v2\/users\/1"}],"replies":[{"embeddable":true,"href":"https:\/\/www.abip.org.br\/site\/wp-json\/wp\/v2\/comments?post=42879"}],"version-history":[{"count":1,"href":"https:\/\/www.abip.org.br\/site\/wp-json\/wp\/v2\/posts\/42879\/revisions"}],"predecessor-version":[{"id":42881,"href":"https:\/\/www.abip.org.br\/site\/wp-json\/wp\/v2\/posts\/42879\/revisions\/42881"}],"wp:featuredmedia":[{"embeddable":true,"href":"https:\/\/www.abip.org.br\/site\/wp-json\/wp\/v2\/media\/42880"}],"wp:attachment":[{"href":"https:\/\/www.abip.org.br\/site\/wp-json\/wp\/v2\/media?parent=42879"}],"wp:term":[{"taxonomy":"category","embeddable":true,"href":"https:\/\/www.abip.org.br\/site\/wp-json\/wp\/v2\/categories?post=42879"},{"taxonomy":"post_tag","embeddable":true,"href":"https:\/\/www.abip.org.br\/site\/wp-json\/wp\/v2\/tags?post=42879"}],"curies":[{"name":"wp","href":"https:\/\/api.w.org\/{rel}","templated":true}]}}