{"id":42708,"date":"2025-09-09T17:55:27","date_gmt":"2025-09-09T19:55:27","guid":{"rendered":"https:\/\/www.abip.org.br\/site\/?p=42708"},"modified":"2025-09-09T17:55:27","modified_gmt":"2025-09-09T19:55:27","slug":"abip-pelo-brasil-chega-ao-piaui-com-foco-em-produtividade-e-competitividade-na-panificacao","status":"publish","type":"post","link":"https:\/\/www.abip.org.br\/site\/abip-pelo-brasil-chega-ao-piaui-com-foco-em-produtividade-e-competitividade-na-panificacao\/","title":{"rendered":"ABIP PELO BRASIL chega ao Piau\u00ed com foco em produtividade e competitividade na panifica\u00e7\u00e3o"},"content":{"rendered":"<p>No dia 30 de setembro, Teresina (PI) ser\u00e1 palco de mais uma edi\u00e7\u00e3o do ABIP PELO BRASIL, projeto realizado pela Associa\u00e7\u00e3o Brasileira da Ind\u00fastria de Panifica\u00e7\u00e3o e Confeitaria (Abip) em parceria com o Sebrae Nacional.<\/p>\n<p>O encontro vai reunir panificadores, confeiteiros e empres\u00e1rios do setor em uma programa\u00e7\u00e3o especial que combina conte\u00fado t\u00e9cnico, troca de experi\u00eancias e pr\u00e1ticas aplic\u00e1veis ao dia a dia das padarias.<\/p>\n<p>Com o tema \u201cProdutividade e Competitividade\u201d, o evento trar\u00e1 palestras, pain\u00e9is, din\u00e2micas e avalia\u00e7\u00f5es pr\u00e1ticas, sempre com foco em ferramentas que ajudam os empres\u00e1rios a ganhar efici\u00eancia, reduzir desperd\u00edcios e aumentar seu faturamento.<\/p>\n<p><strong>Programa\u00e7\u00e3o<\/strong><\/p>\n<p><strong>30\/09 (ter\u00e7a-feira)<br \/>\n16h30 \u00e0s 21h<br \/>\nAudit\u00f3rio Sebrae Teresina (Av. Campos Sales, 1046)<br \/>\nTransmiss\u00e3o ao vivo pelo YouTube da Abip (a partir das 17 horas)<\/strong><\/p>\n<li>16h30 \u2013 Welcome Coffee<\/li>\n<li>17h00 \u2013 Cerim\u00f4nia de Abertura<\/li>\n<li>17h30 \u2013 Compras p\u00fablicas para padarias: aprenda o passo a passo para aumentar o faturamento<\/li>\n<li>18h15 \u2013 Painel: A import\u00e2ncia do Produto Regional na Panifica\u00e7\u00e3o<\/li>\n<li>19h10 \u2013 Din\u00e2mica: Criando seu kit regional<\/li>\n<li>19h30 \u2013 Palestra: Mais efici\u00eancia, menos desperd\u00edcio \u2013 eleve a produtividade com controles que realmente funcionam<\/li>\n<li>20h30 \u2013 Avalia\u00e7\u00e3o ao vivo: Conhe\u00e7a a performance de produtividade do seu neg\u00f3cio<\/li>\n<li>21h00 \u2013 Encerramento<\/li>\n<p><strong>Por que participar?<\/strong><\/p>\n<p>&#x2714;&#xfe0f; Conhe\u00e7a estrat\u00e9gias para elevar a produtividade da sua padaria.<br \/>\n&#x2714;&#xfe0f; Aprenda a acessar compras p\u00fablicas, ampliando faturamento e oportunidades.<br \/>\n&#x2714;&#xfe0f; Valorize os produtos regionais, agregando identidade e diferencia\u00e7\u00e3o ao seu neg\u00f3cio.<br \/>\n&#x2714;&#xfe0f; Participe de din\u00e2micas interativas e avalia\u00e7\u00f5es ao vivo para aplicar os conceitos de imediato.<\/p>\n<p><strong>Inscri\u00e7\u00f5es gratuitas<\/strong><\/p>\n<p>A participa\u00e7\u00e3o \u00e9 gratuita, com vagas limitadas tanto para o presencial quanto para o online.<\/p>\n<p>&#x1f449; Garanta j\u00e1 sua inscri\u00e7\u00e3o: <a href=\"https:\/\/forms.gle\/gMfbiBCph9LrbaSy9\" target=\"_blank\">clique aqui<\/a><\/p>\n","protected":false},"excerpt":{"rendered":"<p>No dia 30 de setembro, Teresina (PI) ser\u00e1 palco de mais uma edi\u00e7\u00e3o do ABIP PELO BRASIL, projeto realizado pela Associa\u00e7\u00e3o Brasileira da Ind\u00fastria de Panifica\u00e7\u00e3o e Confeitaria (Abip) em parceria com o Sebrae Nacional. O encontro vai reunir panificadores, confeiteiros e empres\u00e1rios do setor em uma programa\u00e7\u00e3o especial que combina conte\u00fado t\u00e9cnico, troca de [&hellip;]<\/p>\n","protected":false},"author":1,"featured_media":42709,"comment_status":"closed","ping_status":"open","sticky":false,"template":"","format":"standard","meta":{"footnotes":""},"categories":[1],"tags":[],"class_list":["post-42708","post","type-post","status-publish","format-standard","has-post-thumbnail","hentry","category-noticias"],"views":1078,"_links":{"self":[{"href":"https:\/\/www.abip.org.br\/site\/wp-json\/wp\/v2\/posts\/42708","targetHints":{"allow":["GET"]}}],"collection":[{"href":"https:\/\/www.abip.org.br\/site\/wp-json\/wp\/v2\/posts"}],"about":[{"href":"https:\/\/www.abip.org.br\/site\/wp-json\/wp\/v2\/types\/post"}],"author":[{"embeddable":true,"href":"https:\/\/www.abip.org.br\/site\/wp-json\/wp\/v2\/users\/1"}],"replies":[{"embeddable":true,"href":"https:\/\/www.abip.org.br\/site\/wp-json\/wp\/v2\/comments?post=42708"}],"version-history":[{"count":1,"href":"https:\/\/www.abip.org.br\/site\/wp-json\/wp\/v2\/posts\/42708\/revisions"}],"predecessor-version":[{"id":42710,"href":"https:\/\/www.abip.org.br\/site\/wp-json\/wp\/v2\/posts\/42708\/revisions\/42710"}],"wp:featuredmedia":[{"embeddable":true,"href":"https:\/\/www.abip.org.br\/site\/wp-json\/wp\/v2\/media\/42709"}],"wp:attachment":[{"href":"https:\/\/www.abip.org.br\/site\/wp-json\/wp\/v2\/media?parent=42708"}],"wp:term":[{"taxonomy":"category","embeddable":true,"href":"https:\/\/www.abip.org.br\/site\/wp-json\/wp\/v2\/categories?post=42708"},{"taxonomy":"post_tag","embeddable":true,"href":"https:\/\/www.abip.org.br\/site\/wp-json\/wp\/v2\/tags?post=42708"}],"curies":[{"name":"wp","href":"https:\/\/api.w.org\/{rel}","templated":true}]}}