{"id":42110,"date":"2025-02-18T11:01:13","date_gmt":"2025-02-18T13:01:13","guid":{"rendered":"https:\/\/www.abip.org.br\/site\/?p=42110"},"modified":"2025-02-18T11:01:13","modified_gmt":"2025-02-18T13:01:13","slug":"congrepan-2025-navegando-rumo-a-uma-industria-mais-conectada-integrada-e-forte","status":"publish","type":"post","link":"https:\/\/www.abip.org.br\/site\/congrepan-2025-navegando-rumo-a-uma-industria-mais-conectada-integrada-e-forte\/","title":{"rendered":"Congrepan 2025: Navegando Rumo a uma Ind\u00fastria Mais Conectada, Integrada e Forte"},"content":{"rendered":"<p>O setor de panifica\u00e7\u00e3o e confeitaria se prepara para um dos momentos mais importantes do ano: a realiza\u00e7\u00e3o do 32\u00ba CONGREPAN, que acontecer\u00e1 de 27 de mar\u00e7o a 3 de abril a bordo do cruzeiro MSC Seaview. Com o tema \u201cNavegando Juntos Somos Mais Conectados, Integrados e Fortes\u201d, o congresso refor\u00e7a a import\u00e2ncia da uni\u00e3o do setor para enfrentar desafios, compartilhar experi\u00eancias e promover avan\u00e7os significativos.<\/p>\n<p>&#8220;A programa\u00e7\u00e3o do evento foi cuidadosamente planejada para atender \u00e0s diversas demandas da comunidade panificadora. Palestras com especialistas renomados trar\u00e3o insights sobre inova\u00e7\u00e3o, tend\u00eancias de mercado e estrat\u00e9gias para o crescimento do setor. Al\u00e9m disso, mentorias exclusivas permitir\u00e3o que os participantes tenham contato direto com especialistas e l\u00edderes da ind\u00fastria, proporcionando um aprendizado mais personalizado e aplic\u00e1vel ao dia a dia dos neg\u00f3cios&#8221;, adiantou o presidente da Associa\u00e7\u00e3o Brasileira da Ind\u00fastria de Panifica\u00e7\u00e3o e Confeitaria, Paulo Menegueli.<\/p>\n<p>Outro grande destaque do CONGREPAN 2025 ser\u00e1 a oportunidade de networking. Empres\u00e1rios, fornecedores, gestores e panificadores de todo o Brasil estar\u00e3o reunidos em um mesmo ambiente, fortalecendo conex\u00f5es estrat\u00e9gicas e fomentando novas parcerias. Para completar, os congressistas poder\u00e3o aproveitar momentos de lazer e descontra\u00e7\u00e3o, com festas tem\u00e1ticas, shows e atra\u00e7\u00f5es exclusivas do MSC Seaview.<\/p>\n<p>Aqueles que ainda n\u00e3o garantiram sua participa\u00e7\u00e3o devem se apressar, pois as vagas s\u00e3o limitadas. Para mais informa\u00e7\u00f5es e inscri\u00e7\u00f5es, acesse: <a href=\"https:\/\/cruzeirocongrepan.com.br\" rel=\"noopener\" target=\"_blank\">https:\/\/cruzeirocongrepan.com.br<\/a><\/p>\n","protected":false},"excerpt":{"rendered":"<p>O setor de panifica\u00e7\u00e3o e confeitaria se prepara para um dos momentos mais importantes do ano: a realiza\u00e7\u00e3o do 32\u00ba CONGREPAN, que acontecer\u00e1 de 27 de mar\u00e7o a 3 de abril a bordo do cruzeiro MSC Seaview. Com o tema \u201cNavegando Juntos Somos Mais Conectados, Integrados e Fortes\u201d, o congresso refor\u00e7a a import\u00e2ncia da uni\u00e3o [&hellip;]<\/p>\n","protected":false},"author":1,"featured_media":42111,"comment_status":"closed","ping_status":"open","sticky":false,"template":"","format":"standard","meta":{"footnotes":""},"categories":[1],"tags":[],"class_list":["post-42110","post","type-post","status-publish","format-standard","has-post-thumbnail","hentry","category-noticias"],"views":1379,"_links":{"self":[{"href":"https:\/\/www.abip.org.br\/site\/wp-json\/wp\/v2\/posts\/42110","targetHints":{"allow":["GET"]}}],"collection":[{"href":"https:\/\/www.abip.org.br\/site\/wp-json\/wp\/v2\/posts"}],"about":[{"href":"https:\/\/www.abip.org.br\/site\/wp-json\/wp\/v2\/types\/post"}],"author":[{"embeddable":true,"href":"https:\/\/www.abip.org.br\/site\/wp-json\/wp\/v2\/users\/1"}],"replies":[{"embeddable":true,"href":"https:\/\/www.abip.org.br\/site\/wp-json\/wp\/v2\/comments?post=42110"}],"version-history":[{"count":1,"href":"https:\/\/www.abip.org.br\/site\/wp-json\/wp\/v2\/posts\/42110\/revisions"}],"predecessor-version":[{"id":42112,"href":"https:\/\/www.abip.org.br\/site\/wp-json\/wp\/v2\/posts\/42110\/revisions\/42112"}],"wp:featuredmedia":[{"embeddable":true,"href":"https:\/\/www.abip.org.br\/site\/wp-json\/wp\/v2\/media\/42111"}],"wp:attachment":[{"href":"https:\/\/www.abip.org.br\/site\/wp-json\/wp\/v2\/media?parent=42110"}],"wp:term":[{"taxonomy":"category","embeddable":true,"href":"https:\/\/www.abip.org.br\/site\/wp-json\/wp\/v2\/categories?post=42110"},{"taxonomy":"post_tag","embeddable":true,"href":"https:\/\/www.abip.org.br\/site\/wp-json\/wp\/v2\/tags?post=42110"}],"curies":[{"name":"wp","href":"https:\/\/api.w.org\/{rel}","templated":true}]}}