{"id":33981,"date":"2022-05-20T12:30:43","date_gmt":"2022-05-20T14:30:43","guid":{"rendered":"https:\/\/www.abip.org.br\/site\/?p=33981"},"modified":"2022-05-21T12:57:05","modified_gmt":"2022-05-21T14:57:05","slug":"panificacao-brasileira-se-reune-em-belo-horizonte-mg","status":"publish","type":"post","link":"https:\/\/www.abip.org.br\/site\/panificacao-brasileira-se-reune-em-belo-horizonte-mg\/","title":{"rendered":"Panifica\u00e7\u00e3o brasileira se re\u00fane em Belo Horizonte (MG)"},"content":{"rendered":"<p>&nbsp;<\/p>\n<p><span style=\"font-weight: 400;\">Belo Horizonte (MG) ser\u00e1 o palco da<\/span> <span style=\"font-weight: 400;\">75\u00aa Conven\u00e7\u00e3o Nacional da Associa\u00e7\u00e3o Brasileira da Ind\u00fastria de Panifica\u00e7\u00e3o e Confeitaria (Abip), que re\u00fane panificadores de todo o Brasil. <\/span><span style=\"font-weight: 400;\">O evento come\u00e7a na pr\u00f3xima segunda-feira, dia 23, e segue at\u00e9 o dia 25.\u00a0<\/span><\/p>\n<p><span style=\"font-weight: 400;\">Durante o evento haver\u00e1 reuni\u00f5es da diretoria da Abip e l\u00edderes regionais do setor, a fim de discutir planos de trabalho, novos modelos de neg\u00f3cio, tend\u00eancias de mercado e os impactos e efeitos causados pela pandemia e alta do trigo no setor.<\/span><\/p>\n<p><span style=\"font-weight: 400;\">Nos dois primeiros dias do encontro, as reuni\u00f5es s\u00e3o exclusivas para associados \u00e0 Abip e convidados. J\u00e1 no terceiro dia o<\/span><span style=\"font-weight: 400;\"> evento \u00e9 aberto a todos profissionais do setor e tem como foco: Gest\u00e3o + Inova\u00e7\u00e3o + Capacita\u00e7\u00e3o Profissional.<\/span><\/p>\n<p><b>Palestras, exposi\u00e7\u00e3o de tend\u00eancias de mercado<\/b><\/p>\n<p><span style=\"font-weight: 400;\">As palestras, exposi\u00e7\u00e3o de tend\u00eancias de mercado e trocas de experi\u00eancia acontecem no dia 25, <\/span><span style=\"font-weight: 400;\">n<\/span><span style=\"font-weight: 400;\">o Mercure Belo Horizonte Lourdes Hotel, situado na Avenida do Contorno, 7.315, Lourdes, Belo Horizonte (MG), a partir das 9 horas.\u00a0<\/span><\/p>\n<p><span style=\"font-weight: 400;\">Os interessados devem entrar em contato a Amip\u00e3o, correalizadora do evento, para que auxiliem na efetiva\u00e7\u00e3o da inscri\u00e7\u00e3o e confirmem o pagamento da taxa de cadastro. O contato \u00e9 (31) 3282-7559.\u00a0<\/span><\/p>\n<p><span style=\"font-weight: 400;\">\u201cO evento anual estava suspenso durante o per\u00edodo de pandemia, mas volta com toda a for\u00e7a, inova\u00e7\u00e3o, troca de experi\u00eancias, criatividade e muitas novidades neste ano de 2022. O encontro presencial ser\u00e1 incr\u00edvel. Estamos ansiosos para reencontrar tantos amigos\u201d, destacou o presidente da Abip, Paulo Menegueli.\u00a0<\/span><\/p>\n<p><span style=\"font-weight: 400;\">O presidente da Amip\u00e3o, <\/span><span style=\"font-weight: 400;\">Vinicius Segantini Dantas, tamb\u00e9m promete boas experi\u00eancias a todos os participantes. \u201cEstamos preparando um grande evento, onde o empres\u00e1rio panificador poder\u00e1 fortalecer la\u00e7os, ter acesso a produtos diferenciados, aprender, se capacitar e trocar experi\u00eancias\u201d, disse.\u00a0<\/span><\/p>\n<p><span style=\"font-weight: 400;\">Confira a programa\u00e7\u00e3o:\u00a0<\/span><\/p>\n<p><b>PROGRAMA\u00c7\u00c3O DIA 25<\/b><\/p>\n<p><b>09 horas<\/b><span style=\"font-weight: 400;\">: Credenciamento. <\/span><span style=\"font-weight: 400;\"><br \/>\n<\/span><b>09h30:<\/b><span style=\"font-weight: 400;\"> Abertura;<\/span><span style=\"font-weight: 400;\"><br \/>\n<\/span><b>10 horas<\/b><span style=\"font-weight: 400;\">:\u00a0 Palestra: &#8220;A panifica\u00e7\u00e3o e o cen\u00e1rio econ\u00f4mico atual&#8221; &#8211; Rita Mundim\u201d;<\/span><span style=\"font-weight: 400;\"><br \/>\n<\/span><b>11 horas:<\/b><span style=\"font-weight: 400;\"> Palestra: \u201cOs desafios na qualifica\u00e7\u00e3o profissional para o mercado de panifica\u00e7\u00e3o e confeitaria&#8221;; <\/span><span style=\"font-weight: 400;\"><br \/>\n<\/span><b>12 horas:<\/b><span style=\"font-weight: 400;\"> Assinatura de Conv\u00eanio e Lan\u00e7amento do Programa de Certifica\u00e7\u00e3o Profissional da Panifica\u00e7\u00e3o On-Line &#8211; ABIP, US WHEAT e ABITRIGO;<\/span><span style=\"font-weight: 400;\"><br \/>\n<\/span><b>12h30:<\/b><span style=\"font-weight: 400;\"> Almo\u00e7o; <\/span><span style=\"font-weight: 400;\"><br \/>\n<\/span><b>14 horas:<\/b><span style=\"font-weight: 400;\"> Palestra Inova\u00e7\u00e3o: \u201cO novo papel da loja f\u00edsica: como transformar o PDV em PDX\u201d; <\/span><span style=\"font-weight: 400;\"><br \/>\n<\/span><b>15 horas:<\/b><span style=\"font-weight: 400;\"> Palestra: \u201cA centraliza\u00e7\u00e3o como forma de gest\u00e3o e gera\u00e7\u00e3o de resultados\u201d;<\/span><span style=\"font-weight: 400;\"><br \/>\n<\/span><b>16 horas:<\/b><span style=\"font-weight: 400;\"> Coffee Break; <\/span><span style=\"font-weight: 400;\"><br \/>\n<\/span><b>16h30:<\/b><span style=\"font-weight: 400;\"> Palestra: \u201cFermentando Sonhos\u201d<\/span><span style=\"font-weight: 400;\"><br \/>\n<\/span><b>17h30:<\/b><span style=\"font-weight: 400;\"> Encerramento.<\/span><\/p>\n","protected":false},"excerpt":{"rendered":"<p>&nbsp; Belo Horizonte (MG) ser\u00e1 o palco da 75\u00aa Conven\u00e7\u00e3o Nacional da Associa\u00e7\u00e3o Brasileira da Ind\u00fastria de Panifica\u00e7\u00e3o e Confeitaria (Abip), que re\u00fane panificadores de todo o Brasil. O evento come\u00e7a na pr\u00f3xima segunda-feira, dia 23, e segue at\u00e9 o dia 25.\u00a0 Durante o evento haver\u00e1 reuni\u00f5es da diretoria da Abip e l\u00edderes regionais do [&hellip;]<\/p>\n","protected":false},"author":101029,"featured_media":33986,"comment_status":"open","ping_status":"open","sticky":false,"template":"","format":"standard","meta":{"footnotes":""},"categories":[1],"tags":[],"class_list":["post-33981","post","type-post","status-publish","format-standard","has-post-thumbnail","hentry","category-noticias"],"views":2586,"_links":{"self":[{"href":"https:\/\/www.abip.org.br\/site\/wp-json\/wp\/v2\/posts\/33981","targetHints":{"allow":["GET"]}}],"collection":[{"href":"https:\/\/www.abip.org.br\/site\/wp-json\/wp\/v2\/posts"}],"about":[{"href":"https:\/\/www.abip.org.br\/site\/wp-json\/wp\/v2\/types\/post"}],"author":[{"embeddable":true,"href":"https:\/\/www.abip.org.br\/site\/wp-json\/wp\/v2\/users\/101029"}],"replies":[{"embeddable":true,"href":"https:\/\/www.abip.org.br\/site\/wp-json\/wp\/v2\/comments?post=33981"}],"version-history":[{"count":1,"href":"https:\/\/www.abip.org.br\/site\/wp-json\/wp\/v2\/posts\/33981\/revisions"}],"predecessor-version":[{"id":33983,"href":"https:\/\/www.abip.org.br\/site\/wp-json\/wp\/v2\/posts\/33981\/revisions\/33983"}],"wp:featuredmedia":[{"embeddable":true,"href":"https:\/\/www.abip.org.br\/site\/wp-json\/wp\/v2\/media\/33986"}],"wp:attachment":[{"href":"https:\/\/www.abip.org.br\/site\/wp-json\/wp\/v2\/media?parent=33981"}],"wp:term":[{"taxonomy":"category","embeddable":true,"href":"https:\/\/www.abip.org.br\/site\/wp-json\/wp\/v2\/categories?post=33981"},{"taxonomy":"post_tag","embeddable":true,"href":"https:\/\/www.abip.org.br\/site\/wp-json\/wp\/v2\/tags?post=33981"}],"curies":[{"name":"wp","href":"https:\/\/api.w.org\/{rel}","templated":true}]}}