{"id":33871,"date":"2022-04-26T14:00:30","date_gmt":"2022-04-26T16:00:30","guid":{"rendered":"https:\/\/www.abip.org.br\/site\/?p=33871"},"modified":"2022-04-27T09:27:42","modified_gmt":"2022-04-27T11:27:42","slug":"75a-convencao-nacional-da-abip-acontece-em-belo-horizonte-mg","status":"publish","type":"post","link":"https:\/\/www.abip.org.br\/site\/75a-convencao-nacional-da-abip-acontece-em-belo-horizonte-mg\/","title":{"rendered":"75\u00aa Conven\u00e7\u00e3o Nacional da Abip acontece em Belo Horizonte (MG)"},"content":{"rendered":"<p style=\"font-weight: 400;\"><strong>75\u00aa Conven\u00e7\u00e3o Nacional da Abip acontece em Belo Horizonte (MG)<\/strong><\/p>\n<p style=\"font-weight: 400;\">A Associa\u00e7\u00e3o Brasileira da Ind\u00fastria de Panifica\u00e7\u00e3o e Confeitaria (Abip) realiza nos dias 23, 24 e 25 de maio sua 75\u00aa Conven\u00e7\u00e3o Nacional. Desta vez, a cidade sede do evento ser\u00e1 Belo Horizonte (MG).<\/p>\n<p style=\"font-weight: 400;\">O encontro vai reunir toda a diretoria da Abip nos dois primeiros dias, para alinhamento dos planos de trabalho e discuss\u00f5es administrativas e t\u00e9cnicas. J\u00e1 no dia 25 acontece a conven\u00e7\u00e3o nacional, aberta ao p\u00fablico, no Mercure Belo Horizonte Lourdes Hotel, situado na Avenida do Contorno, 7.315, Lourdes, Belo Horizonte (MG).<\/p>\n<p style=\"font-weight: 400;\">Os interessados em participar devem entrar em contato com a Abip ou a Amip\u00e3o para que auxiliem na efetiva\u00e7\u00e3o da inscri\u00e7\u00e3o, hospedagem e confirmem o pagamento da taxa de cadastro. Os contatos s\u00e3o: (31) 3282-7559 ou (61) 99962-0842.<\/p>\n<p style=\"font-weight: 400;\">\u201cO evento anual estava suspenso durante o per\u00edodo de pandemia, mas volta com toda a for\u00e7a, inova\u00e7\u00e3o, troca de experi\u00eancias, criatividade e muitas novidades neste ano de 2022. O encontro presencial ser\u00e1 incr\u00edvel. Estamos ansiosos para reencontrar tantos amigos\u201d, destacou o presidente da Abip, Paulo Menegueli.<\/p>\n","protected":false},"excerpt":{"rendered":"<p>75\u00aa Conven\u00e7\u00e3o Nacional da Abip acontece em Belo Horizonte (MG) A Associa\u00e7\u00e3o Brasileira da Ind\u00fastria de Panifica\u00e7\u00e3o e Confeitaria (Abip) realiza nos dias 23, 24 e 25 de maio sua 75\u00aa Conven\u00e7\u00e3o Nacional. Desta vez, a cidade sede do evento ser\u00e1 Belo Horizonte (MG). O encontro vai reunir toda a diretoria da Abip nos dois [&hellip;]<\/p>\n","protected":false},"author":101029,"featured_media":33872,"comment_status":"open","ping_status":"open","sticky":false,"template":"","format":"standard","meta":{"footnotes":""},"categories":[1],"tags":[],"class_list":["post-33871","post","type-post","status-publish","format-standard","has-post-thumbnail","hentry","category-noticias"],"views":1244,"_links":{"self":[{"href":"https:\/\/www.abip.org.br\/site\/wp-json\/wp\/v2\/posts\/33871","targetHints":{"allow":["GET"]}}],"collection":[{"href":"https:\/\/www.abip.org.br\/site\/wp-json\/wp\/v2\/posts"}],"about":[{"href":"https:\/\/www.abip.org.br\/site\/wp-json\/wp\/v2\/types\/post"}],"author":[{"embeddable":true,"href":"https:\/\/www.abip.org.br\/site\/wp-json\/wp\/v2\/users\/101029"}],"replies":[{"embeddable":true,"href":"https:\/\/www.abip.org.br\/site\/wp-json\/wp\/v2\/comments?post=33871"}],"version-history":[{"count":1,"href":"https:\/\/www.abip.org.br\/site\/wp-json\/wp\/v2\/posts\/33871\/revisions"}],"predecessor-version":[{"id":33873,"href":"https:\/\/www.abip.org.br\/site\/wp-json\/wp\/v2\/posts\/33871\/revisions\/33873"}],"wp:featuredmedia":[{"embeddable":true,"href":"https:\/\/www.abip.org.br\/site\/wp-json\/wp\/v2\/media\/33872"}],"wp:attachment":[{"href":"https:\/\/www.abip.org.br\/site\/wp-json\/wp\/v2\/media?parent=33871"}],"wp:term":[{"taxonomy":"category","embeddable":true,"href":"https:\/\/www.abip.org.br\/site\/wp-json\/wp\/v2\/categories?post=33871"},{"taxonomy":"post_tag","embeddable":true,"href":"https:\/\/www.abip.org.br\/site\/wp-json\/wp\/v2\/tags?post=33871"}],"curies":[{"name":"wp","href":"https:\/\/api.w.org\/{rel}","templated":true}]}}